{"id":26705,"date":"2023-11-01T15:03:52","date_gmt":"2023-11-01T14:03:52","guid":{"rendered":"https:\/\/librosdelzorrorojo.com\/presentacion-de-la-exposicion-origen-con-nat-cardozo\/"},"modified":"2023-11-10T15:08:17","modified_gmt":"2023-11-10T14:08:17","slug":"presentacion-de-la-exposicion-origen-con-nat-cardozo","status":"publish","type":"post","link":"https:\/\/librosdelzorrorojo.com\/ca\/presentacion-de-la-exposicion-origen-con-nat-cardozo\/","title":{"rendered":"Presentaci\u00f3n de la exposici\u00f3n &#8220;Origen&#8221;, con Nat Cardozo"},"content":{"rendered":"<p><span>Nat Cardozo, autora de \u201cOrigen\u201d, nos acompa\u00f1ar\u00e1 en la primera presentaci\u00f3n y exposici\u00f3n del libro.<\/span><br \/>\n<span><\/span><\/p>\n<p><span>Este s\u00e1bado 11 de noviembre, en la librer\u00eda La Petita (C\/ de Llull, 173 &#8211; Barcelona)<\/span><span>, ven a descubrir su trabajo, una mirada \u00fanica sobre la vida de veintid\u00f3s pueblos originarios.<\/span><\/p>\n<p><span>*Entrada libre con aforo limitado.<\/span><\/p>\n<p><span>Podr\u00e1s visitar la expo hasta el d\u00eda 24 de noviembre.\u00a0<\/span><\/p>\n<p>&nbsp;<\/p>\n<p><span><img fetchpriority=\"high\" decoding=\"async\" src=\"https:\/\/librosdelzorrorojo.com\/wp-content\/uploads\/2023\/11\/INAUGURACION-600x600.jpg\" alt=\"\" width=\"594\" height=\"594\" class=\"alignnone wp-image-26702\" srcset=\"https:\/\/librosdelzorrorojo.com\/wp-content\/uploads\/2023\/11\/INAUGURACION-600x600.jpg 600w, https:\/\/librosdelzorrorojo.com\/wp-content\/uploads\/2023\/11\/INAUGURACION-1024x1024.jpg 1024w, https:\/\/librosdelzorrorojo.com\/wp-content\/uploads\/2023\/11\/INAUGURACION-150x150.jpg 150w, https:\/\/librosdelzorrorojo.com\/wp-content\/uploads\/2023\/11\/INAUGURACION-768x768.jpg 768w, https:\/\/librosdelzorrorojo.com\/wp-content\/uploads\/2023\/11\/INAUGURACION-800x800.jpg 800w, https:\/\/librosdelzorrorojo.com\/wp-content\/uploads\/2023\/11\/INAUGURACION-250x250.jpg 250w, https:\/\/librosdelzorrorojo.com\/wp-content\/uploads\/2023\/11\/INAUGURACION-180x180.jpg 180w, https:\/\/librosdelzorrorojo.com\/wp-content\/uploads\/2023\/11\/INAUGURACION.jpg 1200w\" sizes=\"(max-width: 594px) 100vw, 594px\" \/><\/span><\/p>\n<div style=\"width: 960px;\" class=\"wp-video\"><!--[if lt IE 9]><script>document.createElement('video');<\/script><![endif]-->\n<video class=\"wp-video-shortcode\" id=\"video-26705-1\" width=\"960\" height=\"1707\" preload=\"metadata\" controls=\"controls\"><source type=\"video\/mp4\" src=\"https:\/\/librosdelzorrorojo.com\/wp-content\/uploads\/2023\/11\/Origen_VideoAutora_2-Compressed-with-FlexClip-1-Compressed-with-FlexClip-Compressed-with-FlexClip.mp4?_=1\" \/><a href=\"https:\/\/librosdelzorrorojo.com\/wp-content\/uploads\/2023\/11\/Origen_VideoAutora_2-Compressed-with-FlexClip-1-Compressed-with-FlexClip-Compressed-with-FlexClip.mp4\">https:\/\/librosdelzorrorojo.com\/wp-content\/uploads\/2023\/11\/Origen_VideoAutora_2-Compressed-with-FlexClip-1-Compressed-with-FlexClip-Compressed-with-FlexClip.mp4<\/a><\/video><\/div>\n<p>&nbsp;<\/p>\n","protected":false},"excerpt":{"rendered":"Nat Cardozo, autora de \u201cOrigen\u201d, nos acompa\u00f1ar\u00e1 en la primera presentaci\u00f3n y exposici\u00f3n del libro. Este s\u00e1bado 11 de noviembre, en la librer\u00eda La Petita (C\/ de Llull, 173 &#8211; Barcelona), ven a descubrir su trabajo, una mirada \u00fanica sobre la vida de veintid\u00f3s pueblos originarios. *Entrada libre con aforo limitado. Podr\u00e1s visitar la expo [&hellip;]","protected":false},"author":4,"featured_media":26701,"comment_status":"closed","ping_status":"closed","sticky":false,"template":"","format":"standard","meta":{"_acf_changed":false,"footnotes":""},"categories":[2451,6364],"tags":[],"class_list":["post-26705","post","type-post","status-publish","format-standard","has-post-thumbnail","hentry","category-agenda-ca","category-noticias-ca"],"acf":[],"yoast_head":"<!-- This site is optimized with the Yoast SEO plugin v25.1 - https:\/\/yoast.com\/wordpress\/plugins\/seo\/ -->\n<title>Presentaci\u00f3n de la exposici\u00f3n &quot;Origen&quot;, con Nat Cardozo - Libros del Zorro Rojo<\/title>\n<meta name=\"robots\" content=\"index, follow, max-snippet:-1, max-image-preview:large, max-video-preview:-1\" \/>\n<link rel=\"canonical\" href=\"https:\/\/librosdelzorrorojo.com\/ca\/presentacion-de-la-exposicion-origen-con-nat-cardozo\/\" \/>\n<meta property=\"og:locale\" content=\"ca_ES\" \/>\n<meta property=\"og:type\" content=\"article\" \/>\n<meta property=\"og:title\" content=\"Presentaci\u00f3n de la exposici\u00f3n &quot;Origen&quot;, con Nat Cardozo - Libros del Zorro Rojo\" \/>\n<meta property=\"og:description\" content=\"Nat Cardozo, autora de \u201cOrigen\u201d, nos acompa\u00f1ar\u00e1 en la primera presentaci\u00f3n y exposici\u00f3n del libro. Este s\u00e1bado 11 de noviembre, en la librer\u00eda La Petita (C\/ de Llull, 173 &#8211; Barcelona), ven a descubrir su trabajo, una mirada \u00fanica sobre la vida de veintid\u00f3s pueblos originarios. *Entrada libre con aforo limitado. Podr\u00e1s visitar la expo [&hellip;]\" \/>\n<meta property=\"og:url\" content=\"https:\/\/librosdelzorrorojo.com\/ca\/presentacion-de-la-exposicion-origen-con-nat-cardozo\/\" \/>\n<meta property=\"og:site_name\" content=\"Libros del Zorro Rojo\" \/>\n<meta property=\"article:published_time\" content=\"2023-11-01T14:03:52+00:00\" \/>\n<meta property=\"article:modified_time\" content=\"2023-11-10T14:08:17+00:00\" \/>\n<meta property=\"og:image\" content=\"https:\/\/librosdelzorrorojo.com\/wp-content\/uploads\/2023\/11\/SLIDE_ORIGEN_03.jpg\" \/>\n\t<meta property=\"og:image:width\" content=\"994\" \/>\n\t<meta property=\"og:image:height\" content=\"400\" \/>\n\t<meta property=\"og:image:type\" content=\"image\/jpeg\" \/>\n<meta name=\"author\" content=\"Prensa Zorro Rojo\" \/>\n<meta name=\"twitter:card\" content=\"summary_large_image\" \/>\n<meta name=\"twitter:label1\" content=\"Escrit per\" \/>\n\t<meta name=\"twitter:data1\" content=\"Prensa Zorro Rojo\" \/>\n\t<meta name=\"twitter:label2\" content=\"Temps estimat de lectura\" \/>\n\t<meta name=\"twitter:data2\" content=\"1 minut\" \/>\n<script type=\"application\/ld+json\" class=\"yoast-schema-graph\">{\"@context\":\"https:\/\/schema.org\",\"@graph\":[{\"@type\":\"WebPage\",\"@id\":\"https:\/\/librosdelzorrorojo.com\/ca\/presentacion-de-la-exposicion-origen-con-nat-cardozo\/\",\"url\":\"https:\/\/librosdelzorrorojo.com\/ca\/presentacion-de-la-exposicion-origen-con-nat-cardozo\/\",\"name\":\"Presentaci\u00f3n de la exposici\u00f3n \\\"Origen\\\", con Nat Cardozo - Libros del Zorro Rojo\",\"isPartOf\":{\"@id\":\"https:\/\/librosdelzorrorojo.com\/#website\"},\"primaryImageOfPage\":{\"@id\":\"https:\/\/librosdelzorrorojo.com\/ca\/presentacion-de-la-exposicion-origen-con-nat-cardozo\/#primaryimage\"},\"image\":{\"@id\":\"https:\/\/librosdelzorrorojo.com\/ca\/presentacion-de-la-exposicion-origen-con-nat-cardozo\/#primaryimage\"},\"thumbnailUrl\":\"https:\/\/librosdelzorrorojo.com\/wp-content\/uploads\/2023\/11\/SLIDE_ORIGEN_03.jpg\",\"datePublished\":\"2023-11-01T14:03:52+00:00\",\"dateModified\":\"2023-11-10T14:08:17+00:00\",\"author\":{\"@id\":\"https:\/\/librosdelzorrorojo.com\/#\/schema\/person\/bd0af7a2597b5d1af9d8c2dbe8fbf811\"},\"breadcrumb\":{\"@id\":\"https:\/\/librosdelzorrorojo.com\/ca\/presentacion-de-la-exposicion-origen-con-nat-cardozo\/#breadcrumb\"},\"inLanguage\":\"ca\",\"potentialAction\":[{\"@type\":\"ReadAction\",\"target\":[\"https:\/\/librosdelzorrorojo.com\/ca\/presentacion-de-la-exposicion-origen-con-nat-cardozo\/\"]}]},{\"@type\":\"ImageObject\",\"inLanguage\":\"ca\",\"@id\":\"https:\/\/librosdelzorrorojo.com\/ca\/presentacion-de-la-exposicion-origen-con-nat-cardozo\/#primaryimage\",\"url\":\"https:\/\/librosdelzorrorojo.com\/wp-content\/uploads\/2023\/11\/SLIDE_ORIGEN_03.jpg\",\"contentUrl\":\"https:\/\/librosdelzorrorojo.com\/wp-content\/uploads\/2023\/11\/SLIDE_ORIGEN_03.jpg\",\"width\":994,\"height\":400,\"caption\":\"SLIDE ORIGEN 03\"},{\"@type\":\"BreadcrumbList\",\"@id\":\"https:\/\/librosdelzorrorojo.com\/ca\/presentacion-de-la-exposicion-origen-con-nat-cardozo\/#breadcrumb\",\"itemListElement\":[{\"@type\":\"ListItem\",\"position\":1,\"name\":\"Portada\",\"item\":\"https:\/\/librosdelzorrorojo.com\/ca\/\"},{\"@type\":\"ListItem\",\"position\":2,\"name\":\"Presentaci\u00f3n de la exposici\u00f3n &#8220;Origen&#8221;, con Nat Cardozo\"}]},{\"@type\":\"WebSite\",\"@id\":\"https:\/\/librosdelzorrorojo.com\/#website\",\"url\":\"https:\/\/librosdelzorrorojo.com\/\",\"name\":\"Libros del Zorro Rojo\",\"description\":\"Libros ilustrados\",\"potentialAction\":[{\"@type\":\"SearchAction\",\"target\":{\"@type\":\"EntryPoint\",\"urlTemplate\":\"https:\/\/librosdelzorrorojo.com\/?s={search_term_string}\"},\"query-input\":{\"@type\":\"PropertyValueSpecification\",\"valueRequired\":true,\"valueName\":\"search_term_string\"}}],\"inLanguage\":\"ca\"},{\"@type\":\"Person\",\"@id\":\"https:\/\/librosdelzorrorojo.com\/#\/schema\/person\/bd0af7a2597b5d1af9d8c2dbe8fbf811\",\"name\":\"Prensa Zorro Rojo\",\"image\":{\"@type\":\"ImageObject\",\"inLanguage\":\"ca\",\"@id\":\"https:\/\/librosdelzorrorojo.com\/#\/schema\/person\/image\/\",\"url\":\"https:\/\/secure.gravatar.com\/avatar\/786edf7f4a8b899f441ef505c10164a4?s=96&d=mm&r=g\",\"contentUrl\":\"https:\/\/secure.gravatar.com\/avatar\/786edf7f4a8b899f441ef505c10164a4?s=96&d=mm&r=g\",\"caption\":\"Prensa Zorro Rojo\"}}]}<\/script>\n<!-- \/ Yoast SEO plugin. -->","yoast_head_json":{"title":"Presentaci\u00f3n de la exposici\u00f3n \"Origen\", con Nat Cardozo - Libros del Zorro Rojo","robots":{"index":"index","follow":"follow","max-snippet":"max-snippet:-1","max-image-preview":"max-image-preview:large","max-video-preview":"max-video-preview:-1"},"canonical":"https:\/\/librosdelzorrorojo.com\/ca\/presentacion-de-la-exposicion-origen-con-nat-cardozo\/","og_locale":"ca_ES","og_type":"article","og_title":"Presentaci\u00f3n de la exposici\u00f3n \"Origen\", con Nat Cardozo - Libros del Zorro Rojo","og_description":"Nat Cardozo, autora de \u201cOrigen\u201d, nos acompa\u00f1ar\u00e1 en la primera presentaci\u00f3n y exposici\u00f3n del libro. Este s\u00e1bado 11 de noviembre, en la librer\u00eda La Petita (C\/ de Llull, 173 &#8211; Barcelona), ven a descubrir su trabajo, una mirada \u00fanica sobre la vida de veintid\u00f3s pueblos originarios. *Entrada libre con aforo limitado. Podr\u00e1s visitar la expo [&hellip;]","og_url":"https:\/\/librosdelzorrorojo.com\/ca\/presentacion-de-la-exposicion-origen-con-nat-cardozo\/","og_site_name":"Libros del Zorro Rojo","article_published_time":"2023-11-01T14:03:52+00:00","article_modified_time":"2023-11-10T14:08:17+00:00","og_image":[{"width":994,"height":400,"url":"https:\/\/librosdelzorrorojo.com\/wp-content\/uploads\/2023\/11\/SLIDE_ORIGEN_03.jpg","type":"image\/jpeg"}],"author":"Prensa Zorro Rojo","twitter_card":"summary_large_image","twitter_misc":{"Escrit per":"Prensa Zorro Rojo","Temps estimat de lectura":"1 minut"},"schema":{"@context":"https:\/\/schema.org","@graph":[{"@type":"WebPage","@id":"https:\/\/librosdelzorrorojo.com\/ca\/presentacion-de-la-exposicion-origen-con-nat-cardozo\/","url":"https:\/\/librosdelzorrorojo.com\/ca\/presentacion-de-la-exposicion-origen-con-nat-cardozo\/","name":"Presentaci\u00f3n de la exposici\u00f3n \"Origen\", con Nat Cardozo - Libros del Zorro Rojo","isPartOf":{"@id":"https:\/\/librosdelzorrorojo.com\/#website"},"primaryImageOfPage":{"@id":"https:\/\/librosdelzorrorojo.com\/ca\/presentacion-de-la-exposicion-origen-con-nat-cardozo\/#primaryimage"},"image":{"@id":"https:\/\/librosdelzorrorojo.com\/ca\/presentacion-de-la-exposicion-origen-con-nat-cardozo\/#primaryimage"},"thumbnailUrl":"https:\/\/librosdelzorrorojo.com\/wp-content\/uploads\/2023\/11\/SLIDE_ORIGEN_03.jpg","datePublished":"2023-11-01T14:03:52+00:00","dateModified":"2023-11-10T14:08:17+00:00","author":{"@id":"https:\/\/librosdelzorrorojo.com\/#\/schema\/person\/bd0af7a2597b5d1af9d8c2dbe8fbf811"},"breadcrumb":{"@id":"https:\/\/librosdelzorrorojo.com\/ca\/presentacion-de-la-exposicion-origen-con-nat-cardozo\/#breadcrumb"},"inLanguage":"ca","potentialAction":[{"@type":"ReadAction","target":["https:\/\/librosdelzorrorojo.com\/ca\/presentacion-de-la-exposicion-origen-con-nat-cardozo\/"]}]},{"@type":"ImageObject","inLanguage":"ca","@id":"https:\/\/librosdelzorrorojo.com\/ca\/presentacion-de-la-exposicion-origen-con-nat-cardozo\/#primaryimage","url":"https:\/\/librosdelzorrorojo.com\/wp-content\/uploads\/2023\/11\/SLIDE_ORIGEN_03.jpg","contentUrl":"https:\/\/librosdelzorrorojo.com\/wp-content\/uploads\/2023\/11\/SLIDE_ORIGEN_03.jpg","width":994,"height":400,"caption":"SLIDE ORIGEN 03"},{"@type":"BreadcrumbList","@id":"https:\/\/librosdelzorrorojo.com\/ca\/presentacion-de-la-exposicion-origen-con-nat-cardozo\/#breadcrumb","itemListElement":[{"@type":"ListItem","position":1,"name":"Portada","item":"https:\/\/librosdelzorrorojo.com\/ca\/"},{"@type":"ListItem","position":2,"name":"Presentaci\u00f3n de la exposici\u00f3n &#8220;Origen&#8221;, con Nat Cardozo"}]},{"@type":"WebSite","@id":"https:\/\/librosdelzorrorojo.com\/#website","url":"https:\/\/librosdelzorrorojo.com\/","name":"Libros del Zorro Rojo","description":"Libros ilustrados","potentialAction":[{"@type":"SearchAction","target":{"@type":"EntryPoint","urlTemplate":"https:\/\/librosdelzorrorojo.com\/?s={search_term_string}"},"query-input":{"@type":"PropertyValueSpecification","valueRequired":true,"valueName":"search_term_string"}}],"inLanguage":"ca"},{"@type":"Person","@id":"https:\/\/librosdelzorrorojo.com\/#\/schema\/person\/bd0af7a2597b5d1af9d8c2dbe8fbf811","name":"Prensa Zorro Rojo","image":{"@type":"ImageObject","inLanguage":"ca","@id":"https:\/\/librosdelzorrorojo.com\/#\/schema\/person\/image\/","url":"https:\/\/secure.gravatar.com\/avatar\/786edf7f4a8b899f441ef505c10164a4?s=96&d=mm&r=g","contentUrl":"https:\/\/secure.gravatar.com\/avatar\/786edf7f4a8b899f441ef505c10164a4?s=96&d=mm&r=g","caption":"Prensa Zorro Rojo"}}]}},"_links":{"self":[{"href":"https:\/\/librosdelzorrorojo.com\/ca\/wp-json\/wp\/v2\/posts\/26705","targetHints":{"allow":["GET"]}}],"collection":[{"href":"https:\/\/librosdelzorrorojo.com\/ca\/wp-json\/wp\/v2\/posts"}],"about":[{"href":"https:\/\/librosdelzorrorojo.com\/ca\/wp-json\/wp\/v2\/types\/post"}],"author":[{"embeddable":true,"href":"https:\/\/librosdelzorrorojo.com\/ca\/wp-json\/wp\/v2\/users\/4"}],"replies":[{"embeddable":true,"href":"https:\/\/librosdelzorrorojo.com\/ca\/wp-json\/wp\/v2\/comments?post=26705"}],"version-history":[{"count":2,"href":"https:\/\/librosdelzorrorojo.com\/ca\/wp-json\/wp\/v2\/posts\/26705\/revisions"}],"predecessor-version":[{"id":26711,"href":"https:\/\/librosdelzorrorojo.com\/ca\/wp-json\/wp\/v2\/posts\/26705\/revisions\/26711"}],"wp:featuredmedia":[{"embeddable":true,"href":"https:\/\/librosdelzorrorojo.com\/ca\/wp-json\/wp\/v2\/media\/26701"}],"wp:attachment":[{"href":"https:\/\/librosdelzorrorojo.com\/ca\/wp-json\/wp\/v2\/media?parent=26705"}],"wp:term":[{"taxonomy":"category","embeddable":true,"href":"https:\/\/librosdelzorrorojo.com\/ca\/wp-json\/wp\/v2\/categories?post=26705"},{"taxonomy":"post_tag","embeddable":true,"href":"https:\/\/librosdelzorrorojo.com\/ca\/wp-json\/wp\/v2\/tags?post=26705"}],"curies":[{"name":"wp","href":"https:\/\/api.w.org\/{rel}","templated":true}]}}