{"id":21023,"date":"2021-09-10T16:30:06","date_gmt":"2021-09-10T14:30:06","guid":{"rendered":"https:\/\/librosdelzorrorojo.com\/?p=21023"},"modified":"2021-09-10T16:30:06","modified_gmt":"2021-09-10T14:30:06","slug":"la-setmana-del-llibre-en-catala","status":"publish","type":"post","link":"https:\/\/librosdelzorrorojo.com\/ca\/la-setmana-del-llibre-en-catala\/","title":{"rendered":"La Setmana del Llibre en Catal\u00e0"},"content":{"rendered":"<p>El curs comen\u00e7a amb una cita important per al m\u00f3n del llibre i de la literatura infantil i juvenil: La Setmana del Llibre en Catal\u00e0.<\/p>\n<p>Fins al 19 de setembre, us esperem al Moll de la Fusta per compartir amb vosaltres les nostres novetats. Aprofiteu per meravellar-vos amb els colors i les formes de les criatures que habiten el nostre planeta amb \u201cCalidoscopi d\u2019animals\u201d o descobriu el poder transformador de la creaci\u00f3 art\u00edstica amb \u201cEn Milo imagina el m\u00f3n\u201d.<\/p>\n<p>Trobareu els nostres llibres a la parada de Casa Anita (m\u00f2dul 58-59).<\/p>\n<p><span style=\"color: #ff0000;\"><a href=\"https:\/\/www.lasetmana.cat\/\" style=\"color: #ff0000;\">M\u00e9s informaci\u00f3.<\/a><\/span><\/p>\n","protected":false},"excerpt":{"rendered":"El curs comen\u00e7a amb una cita important per al m\u00f3n del llibre i de la literatura infantil i juvenil: La Setmana del Llibre en Catal\u00e0. Fins al 19 de setembre, us esperem al Moll de la Fusta per compartir amb vosaltres les nostres novetats. Aprofiteu per meravellar-vos amb els colors i les formes de les [&hellip;]","protected":false},"author":4,"featured_media":21018,"comment_status":"closed","ping_status":"closed","sticky":false,"template":"","format":"standard","meta":{"_acf_changed":false,"footnotes":""},"categories":[36],"tags":[],"class_list":["post-21023","post","type-post","status-publish","format-standard","has-post-thumbnail","hentry","category-blog-cat"],"acf":[],"yoast_head":"<!-- This site is optimized with the Yoast SEO plugin v25.1 - https:\/\/yoast.com\/wordpress\/plugins\/seo\/ -->\n<title>La Setmana del Llibre en Catal\u00e0 - Libros del Zorro Rojo<\/title>\n<meta name=\"description\" content=\"El curs comen\u00e7a amb una cita important per al m\u00f3n del llibre i de la literatura infantil i juvenil: La Setmana del Llibre en Catal\u00e0.Fins al 19 de setembre, us esperem al Moll de la Fusta per compartir amb vosaltres les nostres novetats.\" \/>\n<meta name=\"robots\" content=\"index, follow, max-snippet:-1, max-image-preview:large, max-video-preview:-1\" \/>\n<link rel=\"canonical\" href=\"https:\/\/librosdelzorrorojo.com\/ca\/la-setmana-del-llibre-en-catala\/\" \/>\n<meta property=\"og:locale\" content=\"ca_ES\" \/>\n<meta property=\"og:type\" content=\"article\" \/>\n<meta property=\"og:title\" content=\"La Setmana del Llibre en Catal\u00e0 - Libros del Zorro Rojo\" \/>\n<meta property=\"og:description\" content=\"El curs comen\u00e7a amb una cita important per al m\u00f3n del llibre i de la literatura infantil i juvenil: La Setmana del Llibre en Catal\u00e0.Fins al 19 de setembre, us esperem al Moll de la Fusta per compartir amb vosaltres les nostres novetats.\" \/>\n<meta property=\"og:url\" content=\"https:\/\/librosdelzorrorojo.com\/ca\/la-setmana-del-llibre-en-catala\/\" \/>\n<meta property=\"og:site_name\" content=\"Libros del Zorro Rojo\" \/>\n<meta property=\"article:published_time\" content=\"2021-09-10T14:30:06+00:00\" \/>\n<meta property=\"og:image\" content=\"https:\/\/librosdelzorrorojo.com\/wp-content\/uploads\/2021\/09\/Feria-LZR-1-Slide.png\" \/>\n\t<meta property=\"og:image:width\" content=\"994\" \/>\n\t<meta property=\"og:image:height\" content=\"400\" \/>\n\t<meta property=\"og:image:type\" content=\"image\/png\" \/>\n<meta name=\"author\" content=\"Prensa Zorro Rojo\" \/>\n<meta name=\"twitter:card\" content=\"summary_large_image\" \/>\n<meta name=\"twitter:label1\" content=\"Escrit per\" \/>\n\t<meta name=\"twitter:data1\" content=\"Prensa Zorro Rojo\" \/>\n<script type=\"application\/ld+json\" class=\"yoast-schema-graph\">{\"@context\":\"https:\/\/schema.org\",\"@graph\":[{\"@type\":\"WebPage\",\"@id\":\"https:\/\/librosdelzorrorojo.com\/ca\/la-setmana-del-llibre-en-catala\/\",\"url\":\"https:\/\/librosdelzorrorojo.com\/ca\/la-setmana-del-llibre-en-catala\/\",\"name\":\"La Setmana del Llibre en Catal\u00e0 - Libros del Zorro Rojo\",\"isPartOf\":{\"@id\":\"https:\/\/librosdelzorrorojo.com\/#website\"},\"primaryImageOfPage\":{\"@id\":\"https:\/\/librosdelzorrorojo.com\/ca\/la-setmana-del-llibre-en-catala\/#primaryimage\"},\"image\":{\"@id\":\"https:\/\/librosdelzorrorojo.com\/ca\/la-setmana-del-llibre-en-catala\/#primaryimage\"},\"thumbnailUrl\":\"https:\/\/librosdelzorrorojo.com\/wp-content\/uploads\/2021\/09\/Feria-LZR-1-Slide.png\",\"datePublished\":\"2021-09-10T14:30:06+00:00\",\"author\":{\"@id\":\"https:\/\/librosdelzorrorojo.com\/#\/schema\/person\/bd0af7a2597b5d1af9d8c2dbe8fbf811\"},\"description\":\"El curs comen\u00e7a amb una cita important per al m\u00f3n del llibre i de la literatura infantil i juvenil: La Setmana del Llibre en Catal\u00e0.Fins al 19 de setembre, us esperem al Moll de la Fusta per compartir amb vosaltres les nostres novetats.\",\"breadcrumb\":{\"@id\":\"https:\/\/librosdelzorrorojo.com\/ca\/la-setmana-del-llibre-en-catala\/#breadcrumb\"},\"inLanguage\":\"ca\",\"potentialAction\":[{\"@type\":\"ReadAction\",\"target\":[\"https:\/\/librosdelzorrorojo.com\/ca\/la-setmana-del-llibre-en-catala\/\"]}]},{\"@type\":\"ImageObject\",\"inLanguage\":\"ca\",\"@id\":\"https:\/\/librosdelzorrorojo.com\/ca\/la-setmana-del-llibre-en-catala\/#primaryimage\",\"url\":\"https:\/\/librosdelzorrorojo.com\/wp-content\/uploads\/2021\/09\/Feria-LZR-1-Slide.png\",\"contentUrl\":\"https:\/\/librosdelzorrorojo.com\/wp-content\/uploads\/2021\/09\/Feria-LZR-1-Slide.png\",\"width\":994,\"height\":400,\"caption\":\"Feria LZR 1 Slide\"},{\"@type\":\"BreadcrumbList\",\"@id\":\"https:\/\/librosdelzorrorojo.com\/ca\/la-setmana-del-llibre-en-catala\/#breadcrumb\",\"itemListElement\":[{\"@type\":\"ListItem\",\"position\":1,\"name\":\"Portada\",\"item\":\"https:\/\/librosdelzorrorojo.com\/ca\/\"},{\"@type\":\"ListItem\",\"position\":2,\"name\":\"La Setmana del Llibre en Catal\u00e0\"}]},{\"@type\":\"WebSite\",\"@id\":\"https:\/\/librosdelzorrorojo.com\/#website\",\"url\":\"https:\/\/librosdelzorrorojo.com\/\",\"name\":\"Libros del Zorro Rojo\",\"description\":\"Libros ilustrados\",\"potentialAction\":[{\"@type\":\"SearchAction\",\"target\":{\"@type\":\"EntryPoint\",\"urlTemplate\":\"https:\/\/librosdelzorrorojo.com\/?s={search_term_string}\"},\"query-input\":{\"@type\":\"PropertyValueSpecification\",\"valueRequired\":true,\"valueName\":\"search_term_string\"}}],\"inLanguage\":\"ca\"},{\"@type\":\"Person\",\"@id\":\"https:\/\/librosdelzorrorojo.com\/#\/schema\/person\/bd0af7a2597b5d1af9d8c2dbe8fbf811\",\"name\":\"Prensa Zorro Rojo\",\"image\":{\"@type\":\"ImageObject\",\"inLanguage\":\"ca\",\"@id\":\"https:\/\/librosdelzorrorojo.com\/#\/schema\/person\/image\/\",\"url\":\"https:\/\/secure.gravatar.com\/avatar\/786edf7f4a8b899f441ef505c10164a4?s=96&d=mm&r=g\",\"contentUrl\":\"https:\/\/secure.gravatar.com\/avatar\/786edf7f4a8b899f441ef505c10164a4?s=96&d=mm&r=g\",\"caption\":\"Prensa Zorro Rojo\"}}]}<\/script>\n<!-- \/ Yoast SEO plugin. -->","yoast_head_json":{"title":"La Setmana del Llibre en Catal\u00e0 - Libros del Zorro Rojo","description":"El curs comen\u00e7a amb una cita important per al m\u00f3n del llibre i de la literatura infantil i juvenil: La Setmana del Llibre en Catal\u00e0.Fins al 19 de setembre, us esperem al Moll de la Fusta per compartir amb vosaltres les nostres novetats.","robots":{"index":"index","follow":"follow","max-snippet":"max-snippet:-1","max-image-preview":"max-image-preview:large","max-video-preview":"max-video-preview:-1"},"canonical":"https:\/\/librosdelzorrorojo.com\/ca\/la-setmana-del-llibre-en-catala\/","og_locale":"ca_ES","og_type":"article","og_title":"La Setmana del Llibre en Catal\u00e0 - Libros del Zorro Rojo","og_description":"El curs comen\u00e7a amb una cita important per al m\u00f3n del llibre i de la literatura infantil i juvenil: La Setmana del Llibre en Catal\u00e0.Fins al 19 de setembre, us esperem al Moll de la Fusta per compartir amb vosaltres les nostres novetats.","og_url":"https:\/\/librosdelzorrorojo.com\/ca\/la-setmana-del-llibre-en-catala\/","og_site_name":"Libros del Zorro Rojo","article_published_time":"2021-09-10T14:30:06+00:00","og_image":[{"width":994,"height":400,"url":"https:\/\/librosdelzorrorojo.com\/wp-content\/uploads\/2021\/09\/Feria-LZR-1-Slide.png","type":"image\/png"}],"author":"Prensa Zorro Rojo","twitter_card":"summary_large_image","twitter_misc":{"Escrit per":"Prensa Zorro Rojo"},"schema":{"@context":"https:\/\/schema.org","@graph":[{"@type":"WebPage","@id":"https:\/\/librosdelzorrorojo.com\/ca\/la-setmana-del-llibre-en-catala\/","url":"https:\/\/librosdelzorrorojo.com\/ca\/la-setmana-del-llibre-en-catala\/","name":"La Setmana del Llibre en Catal\u00e0 - Libros del Zorro Rojo","isPartOf":{"@id":"https:\/\/librosdelzorrorojo.com\/#website"},"primaryImageOfPage":{"@id":"https:\/\/librosdelzorrorojo.com\/ca\/la-setmana-del-llibre-en-catala\/#primaryimage"},"image":{"@id":"https:\/\/librosdelzorrorojo.com\/ca\/la-setmana-del-llibre-en-catala\/#primaryimage"},"thumbnailUrl":"https:\/\/librosdelzorrorojo.com\/wp-content\/uploads\/2021\/09\/Feria-LZR-1-Slide.png","datePublished":"2021-09-10T14:30:06+00:00","author":{"@id":"https:\/\/librosdelzorrorojo.com\/#\/schema\/person\/bd0af7a2597b5d1af9d8c2dbe8fbf811"},"description":"El curs comen\u00e7a amb una cita important per al m\u00f3n del llibre i de la literatura infantil i juvenil: La Setmana del Llibre en Catal\u00e0.Fins al 19 de setembre, us esperem al Moll de la Fusta per compartir amb vosaltres les nostres novetats.","breadcrumb":{"@id":"https:\/\/librosdelzorrorojo.com\/ca\/la-setmana-del-llibre-en-catala\/#breadcrumb"},"inLanguage":"ca","potentialAction":[{"@type":"ReadAction","target":["https:\/\/librosdelzorrorojo.com\/ca\/la-setmana-del-llibre-en-catala\/"]}]},{"@type":"ImageObject","inLanguage":"ca","@id":"https:\/\/librosdelzorrorojo.com\/ca\/la-setmana-del-llibre-en-catala\/#primaryimage","url":"https:\/\/librosdelzorrorojo.com\/wp-content\/uploads\/2021\/09\/Feria-LZR-1-Slide.png","contentUrl":"https:\/\/librosdelzorrorojo.com\/wp-content\/uploads\/2021\/09\/Feria-LZR-1-Slide.png","width":994,"height":400,"caption":"Feria LZR 1 Slide"},{"@type":"BreadcrumbList","@id":"https:\/\/librosdelzorrorojo.com\/ca\/la-setmana-del-llibre-en-catala\/#breadcrumb","itemListElement":[{"@type":"ListItem","position":1,"name":"Portada","item":"https:\/\/librosdelzorrorojo.com\/ca\/"},{"@type":"ListItem","position":2,"name":"La Setmana del Llibre en Catal\u00e0"}]},{"@type":"WebSite","@id":"https:\/\/librosdelzorrorojo.com\/#website","url":"https:\/\/librosdelzorrorojo.com\/","name":"Libros del Zorro Rojo","description":"Libros ilustrados","potentialAction":[{"@type":"SearchAction","target":{"@type":"EntryPoint","urlTemplate":"https:\/\/librosdelzorrorojo.com\/?s={search_term_string}"},"query-input":{"@type":"PropertyValueSpecification","valueRequired":true,"valueName":"search_term_string"}}],"inLanguage":"ca"},{"@type":"Person","@id":"https:\/\/librosdelzorrorojo.com\/#\/schema\/person\/bd0af7a2597b5d1af9d8c2dbe8fbf811","name":"Prensa Zorro Rojo","image":{"@type":"ImageObject","inLanguage":"ca","@id":"https:\/\/librosdelzorrorojo.com\/#\/schema\/person\/image\/","url":"https:\/\/secure.gravatar.com\/avatar\/786edf7f4a8b899f441ef505c10164a4?s=96&d=mm&r=g","contentUrl":"https:\/\/secure.gravatar.com\/avatar\/786edf7f4a8b899f441ef505c10164a4?s=96&d=mm&r=g","caption":"Prensa Zorro Rojo"}}]}},"_links":{"self":[{"href":"https:\/\/librosdelzorrorojo.com\/ca\/wp-json\/wp\/v2\/posts\/21023","targetHints":{"allow":["GET"]}}],"collection":[{"href":"https:\/\/librosdelzorrorojo.com\/ca\/wp-json\/wp\/v2\/posts"}],"about":[{"href":"https:\/\/librosdelzorrorojo.com\/ca\/wp-json\/wp\/v2\/types\/post"}],"author":[{"embeddable":true,"href":"https:\/\/librosdelzorrorojo.com\/ca\/wp-json\/wp\/v2\/users\/4"}],"replies":[{"embeddable":true,"href":"https:\/\/librosdelzorrorojo.com\/ca\/wp-json\/wp\/v2\/comments?post=21023"}],"version-history":[{"count":1,"href":"https:\/\/librosdelzorrorojo.com\/ca\/wp-json\/wp\/v2\/posts\/21023\/revisions"}],"predecessor-version":[{"id":21024,"href":"https:\/\/librosdelzorrorojo.com\/ca\/wp-json\/wp\/v2\/posts\/21023\/revisions\/21024"}],"wp:featuredmedia":[{"embeddable":true,"href":"https:\/\/librosdelzorrorojo.com\/ca\/wp-json\/wp\/v2\/media\/21018"}],"wp:attachment":[{"href":"https:\/\/librosdelzorrorojo.com\/ca\/wp-json\/wp\/v2\/media?parent=21023"}],"wp:term":[{"taxonomy":"category","embeddable":true,"href":"https:\/\/librosdelzorrorojo.com\/ca\/wp-json\/wp\/v2\/categories?post=21023"},{"taxonomy":"post_tag","embeddable":true,"href":"https:\/\/librosdelzorrorojo.com\/ca\/wp-json\/wp\/v2\/tags?post=21023"}],"curies":[{"name":"wp","href":"https:\/\/api.w.org\/{rel}","templated":true}]}}