{"id":20620,"date":"2021-07-15T17:33:06","date_gmt":"2021-07-15T15:33:06","guid":{"rendered":"https:\/\/librosdelzorrorojo.com\/celebramos-el-400-o-aniversario-de-la-fontaine-con-sus-fabulas-y-los-gouaches-de-chagall\/"},"modified":"2021-07-15T17:35:34","modified_gmt":"2021-07-15T15:35:34","slug":"celebramos-el-400-aniversario-de-la-fontaine-con-sus-fabulas-y-los-gouaches-de-chagall","status":"publish","type":"post","link":"https:\/\/librosdelzorrorojo.com\/ca\/celebramos-el-400-aniversario-de-la-fontaine-con-sus-fabulas-y-los-gouaches-de-chagall\/","title":{"rendered":"Celebramos el 400.\u00ba aniversario de La Fontaine con sus f\u00e1bulas y los gouaches de Chagall"},"content":{"rendered":"<p><span lang=\"ES-TRAD\">El pasado 8 de julio se cumplieron <strong>400 a\u00f1os del nacimiento de Jean de La Fontaine<\/strong>, uno de los escritores franceses m\u00e1s ilustres, cuyas obras marcaron un tramo fundamental en la literatura del Grand Si\u00e8cle. Para la ocasi\u00f3n, Estrella Borrego, editora de Libros del Zorro Rojo, acudi\u00f3 al programa <strong><span style=\"color: #ff0000;\"><a href=\"https:\/\/www.rtve.es\/play\/audios\/hoy-empieza-todo-con-marta-echeverria\/fabulas-fontaine-0807-2021-07-08t11-17-36507\/5980043\/\" style=\"color: #ff0000;\"><i>Hoy empieza todo<\/i><\/a><\/span> de Radio 3<\/strong> y convers\u00f3 con la periodista Marta Echevarr\u00eda sobre la figura del poeta, conocido sobre todo <\/span><span lang=\"ES-TRAD\">por adaptar las f\u00e1bulas de Esopo y Fedro al franc\u00e9s. <\/span><\/p>\n<blockquote><p><span lang=\"ES-TRAD\">\u00abLas f\u00e1bulas son exhortaciones morales, pero lo que les aporta La Fontaine es ese lado de la s\u00e1tira y de lo impertinente, esa humanidad mezclada con la leyenda y la poes\u00eda.\u00bb Estrella Borrego<\/span><span lang=\"ES-TRAD\"><\/span><\/p><\/blockquote>\n<p><span lang=\"ES-TRAD\">Nuestra edici\u00f3n de <i>F\u00e1bulas<\/i> re\u00fane <strong>cuarenta y tres f\u00e1bulas ilustradas por otro genio, Marc Chagall,<\/strong> del que, casualmente el mi\u00e9rcoles 7 de julio se cumplieron 134 a\u00f1os de su nacimiento. Presentados por primera vez en Par\u00eds en 1930, los <i>gouaches<\/i> causaron un gran revuelo en la sociedad de aquel entonces, reacia a que un pintor ruso y jud\u00edo ilustrara los poemas de uno de los autores de Francia m\u00e1s emblem\u00e1ticos.<\/span><\/p>\n<blockquote><p><span lang=\"ES-TRAD\">\u00abChagall aporta algo que no habr\u00eda sido posible con un artista latino m\u00e1s arraigado al clasicismo. \u00c9l aporta la fantas\u00eda, un elemento trepidante, sus colores\u2026 Tiene un estilo personal que mezcla realidad y fantas\u00eda, pero al mismo tiempo creo que ha escuchado al propio La Fontaine.\u00bb Estrella Borrego<\/span><\/p><\/blockquote>\n<p><span lang=\"ES-TRAD\">Os invitamos a escuchar el programa, con el que podr\u00e9is <strong>conocer los entretelones de este libro \u00fanico<\/strong>.<\/span><\/p>\n<!--[if lt IE 9]><script>document.createElement('audio');<\/script><![endif]-->\n<audio class=\"wp-audio-shortcode\" id=\"audio-20620-1\" preload=\"none\" style=\"width: 100%;\" controls=\"controls\"><source type=\"audio\/mpeg\" src=\"https:\/\/librosdelzorrorojo.com\/wp-content\/uploads\/2021\/07\/210708_Fa\u0301bulas_Hoy-empieza-todo_Radio-3.mp3?_=1\" \/><a href=\"https:\/\/librosdelzorrorojo.com\/wp-content\/uploads\/2021\/07\/210708_Fa\u0301bulas_Hoy-empieza-todo_Radio-3.mp3\">https:\/\/librosdelzorrorojo.com\/wp-content\/uploads\/2021\/07\/210708_Fa\u0301bulas_Hoy-empieza-todo_Radio-3.mp3<\/a><\/audio>\n","protected":false},"excerpt":{"rendered":"El pasado 8 de julio se cumplieron 400 a\u00f1os del nacimiento de Jean de La Fontaine, uno de los escritores franceses m\u00e1s ilustres, cuyas obras marcaron un tramo fundamental en la literatura del Grand Si\u00e8cle. Para la ocasi\u00f3n, Estrella Borrego, editora de Libros del Zorro Rojo, acudi\u00f3 al programa Hoy empieza todo de Radio 3 [&hellip;]","protected":false},"author":4,"featured_media":20155,"comment_status":"closed","ping_status":"closed","sticky":false,"template":"","format":"standard","meta":{"_acf_changed":false,"footnotes":""},"categories":[2463],"tags":[],"class_list":["post-20620","post","type-post","status-publish","format-standard","has-post-thumbnail","hentry","category-premsa"],"acf":[],"yoast_head":"<!-- This site is optimized with the Yoast SEO plugin v25.1 - https:\/\/yoast.com\/wordpress\/plugins\/seo\/ -->\n<title>Celebramos el 400.\u00ba aniversario de La Fontaine con sus f\u00e1bulas y los gouaches de Chagall - Libros del Zorro Rojo<\/title>\n<meta name=\"description\" content=\"El pasado 8 de julio se cumplieron 400 a\u00f1os del nacimiento de Jean de La Fontaine, uno de los escritores franceses m\u00e1s ilustres, cuyas obras marcaron un tramo fundamental en la literatura del Grand Si\u00e8cle. Para la ocasi\u00f3n, Estrella Borrego, editora de Libros del Zorro Rojo, acudi\u00f3 al programa Hoy empieza todo de Radio 3 y convers\u00f3 con la periodista Marta Echevarr\u00eda sobre la figura del poeta, conocido sobre todo por adaptar las f\u00e1bulas de Esopo y Fedro al franc\u00e9s.\" \/>\n<meta name=\"robots\" content=\"index, follow, max-snippet:-1, max-image-preview:large, max-video-preview:-1\" \/>\n<link rel=\"canonical\" href=\"https:\/\/librosdelzorrorojo.com\/ca\/celebramos-el-400-aniversario-de-la-fontaine-con-sus-fabulas-y-los-gouaches-de-chagall\/\" \/>\n<meta property=\"og:locale\" content=\"ca_ES\" \/>\n<meta property=\"og:type\" content=\"article\" \/>\n<meta property=\"og:title\" content=\"Celebramos el 400.\u00ba aniversario de La Fontaine con sus f\u00e1bulas y los gouaches de Chagall - Libros del Zorro Rojo\" \/>\n<meta property=\"og:description\" content=\"El pasado 8 de julio se cumplieron 400 a\u00f1os del nacimiento de Jean de La Fontaine, uno de los escritores franceses m\u00e1s ilustres, cuyas obras marcaron un tramo fundamental en la literatura del Grand Si\u00e8cle. Para la ocasi\u00f3n, Estrella Borrego, editora de Libros del Zorro Rojo, acudi\u00f3 al programa Hoy empieza todo de Radio 3 y convers\u00f3 con la periodista Marta Echevarr\u00eda sobre la figura del poeta, conocido sobre todo por adaptar las f\u00e1bulas de Esopo y Fedro al franc\u00e9s.\" \/>\n<meta property=\"og:url\" content=\"https:\/\/librosdelzorrorojo.com\/ca\/celebramos-el-400-aniversario-de-la-fontaine-con-sus-fabulas-y-los-gouaches-de-chagall\/\" \/>\n<meta property=\"og:site_name\" content=\"Libros del Zorro Rojo\" \/>\n<meta property=\"article:published_time\" content=\"2021-07-15T15:33:06+00:00\" \/>\n<meta property=\"article:modified_time\" content=\"2021-07-15T15:35:34+00:00\" \/>\n<meta property=\"og:image\" content=\"https:\/\/librosdelzorrorojo.com\/wp-content\/uploads\/2017\/04\/SLIDE_Fabulas_05.jpg\" \/>\n\t<meta property=\"og:image:width\" content=\"994\" \/>\n\t<meta property=\"og:image:height\" content=\"400\" \/>\n\t<meta property=\"og:image:type\" content=\"image\/jpeg\" \/>\n<meta name=\"author\" content=\"Prensa Zorro Rojo\" \/>\n<meta name=\"twitter:card\" content=\"summary_large_image\" \/>\n<meta name=\"twitter:label1\" content=\"Escrit per\" \/>\n\t<meta name=\"twitter:data1\" content=\"Prensa Zorro Rojo\" \/>\n\t<meta name=\"twitter:label2\" content=\"Temps estimat de lectura\" \/>\n\t<meta name=\"twitter:data2\" content=\"1 minut\" \/>\n<script type=\"application\/ld+json\" class=\"yoast-schema-graph\">{\"@context\":\"https:\/\/schema.org\",\"@graph\":[{\"@type\":\"WebPage\",\"@id\":\"https:\/\/librosdelzorrorojo.com\/ca\/celebramos-el-400-aniversario-de-la-fontaine-con-sus-fabulas-y-los-gouaches-de-chagall\/\",\"url\":\"https:\/\/librosdelzorrorojo.com\/ca\/celebramos-el-400-aniversario-de-la-fontaine-con-sus-fabulas-y-los-gouaches-de-chagall\/\",\"name\":\"Celebramos el 400.\u00ba aniversario de La Fontaine con sus f\u00e1bulas y los gouaches de Chagall - Libros del Zorro Rojo\",\"isPartOf\":{\"@id\":\"https:\/\/librosdelzorrorojo.com\/#website\"},\"primaryImageOfPage\":{\"@id\":\"https:\/\/librosdelzorrorojo.com\/ca\/celebramos-el-400-aniversario-de-la-fontaine-con-sus-fabulas-y-los-gouaches-de-chagall\/#primaryimage\"},\"image\":{\"@id\":\"https:\/\/librosdelzorrorojo.com\/ca\/celebramos-el-400-aniversario-de-la-fontaine-con-sus-fabulas-y-los-gouaches-de-chagall\/#primaryimage\"},\"thumbnailUrl\":\"https:\/\/librosdelzorrorojo.com\/wp-content\/uploads\/2017\/04\/SLIDE_Fabulas_05.jpg\",\"datePublished\":\"2021-07-15T15:33:06+00:00\",\"dateModified\":\"2021-07-15T15:35:34+00:00\",\"author\":{\"@id\":\"https:\/\/librosdelzorrorojo.com\/#\/schema\/person\/bd0af7a2597b5d1af9d8c2dbe8fbf811\"},\"description\":\"El pasado 8 de julio se cumplieron 400 a\u00f1os del nacimiento de Jean de La Fontaine, uno de los escritores franceses m\u00e1s ilustres, cuyas obras marcaron un tramo fundamental en la literatura del Grand Si\u00e8cle. Para la ocasi\u00f3n, Estrella Borrego, editora de Libros del Zorro Rojo, acudi\u00f3 al programa Hoy empieza todo de Radio 3 y convers\u00f3 con la periodista Marta Echevarr\u00eda sobre la figura del poeta, conocido sobre todo por adaptar las f\u00e1bulas de Esopo y Fedro al franc\u00e9s.\",\"breadcrumb\":{\"@id\":\"https:\/\/librosdelzorrorojo.com\/ca\/celebramos-el-400-aniversario-de-la-fontaine-con-sus-fabulas-y-los-gouaches-de-chagall\/#breadcrumb\"},\"inLanguage\":\"ca\",\"potentialAction\":[{\"@type\":\"ReadAction\",\"target\":[\"https:\/\/librosdelzorrorojo.com\/ca\/celebramos-el-400-aniversario-de-la-fontaine-con-sus-fabulas-y-los-gouaches-de-chagall\/\"]}]},{\"@type\":\"ImageObject\",\"inLanguage\":\"ca\",\"@id\":\"https:\/\/librosdelzorrorojo.com\/ca\/celebramos-el-400-aniversario-de-la-fontaine-con-sus-fabulas-y-los-gouaches-de-chagall\/#primaryimage\",\"url\":\"https:\/\/librosdelzorrorojo.com\/wp-content\/uploads\/2017\/04\/SLIDE_Fabulas_05.jpg\",\"contentUrl\":\"https:\/\/librosdelzorrorojo.com\/wp-content\/uploads\/2017\/04\/SLIDE_Fabulas_05.jpg\",\"width\":994,\"height\":400,\"caption\":\"SLIDE Fabulas 05\"},{\"@type\":\"BreadcrumbList\",\"@id\":\"https:\/\/librosdelzorrorojo.com\/ca\/celebramos-el-400-aniversario-de-la-fontaine-con-sus-fabulas-y-los-gouaches-de-chagall\/#breadcrumb\",\"itemListElement\":[{\"@type\":\"ListItem\",\"position\":1,\"name\":\"Portada\",\"item\":\"https:\/\/librosdelzorrorojo.com\/ca\/\"},{\"@type\":\"ListItem\",\"position\":2,\"name\":\"Celebramos el 400.\u00ba aniversario de La Fontaine con sus f\u00e1bulas y los gouaches de Chagall\"}]},{\"@type\":\"WebSite\",\"@id\":\"https:\/\/librosdelzorrorojo.com\/#website\",\"url\":\"https:\/\/librosdelzorrorojo.com\/\",\"name\":\"Libros del Zorro Rojo\",\"description\":\"Libros ilustrados\",\"potentialAction\":[{\"@type\":\"SearchAction\",\"target\":{\"@type\":\"EntryPoint\",\"urlTemplate\":\"https:\/\/librosdelzorrorojo.com\/?s={search_term_string}\"},\"query-input\":{\"@type\":\"PropertyValueSpecification\",\"valueRequired\":true,\"valueName\":\"search_term_string\"}}],\"inLanguage\":\"ca\"},{\"@type\":\"Person\",\"@id\":\"https:\/\/librosdelzorrorojo.com\/#\/schema\/person\/bd0af7a2597b5d1af9d8c2dbe8fbf811\",\"name\":\"Prensa Zorro Rojo\",\"image\":{\"@type\":\"ImageObject\",\"inLanguage\":\"ca\",\"@id\":\"https:\/\/librosdelzorrorojo.com\/#\/schema\/person\/image\/\",\"url\":\"https:\/\/secure.gravatar.com\/avatar\/786edf7f4a8b899f441ef505c10164a4?s=96&d=mm&r=g\",\"contentUrl\":\"https:\/\/secure.gravatar.com\/avatar\/786edf7f4a8b899f441ef505c10164a4?s=96&d=mm&r=g\",\"caption\":\"Prensa Zorro Rojo\"}}]}<\/script>\n<!-- \/ Yoast SEO plugin. -->","yoast_head_json":{"title":"Celebramos el 400.\u00ba aniversario de La Fontaine con sus f\u00e1bulas y los gouaches de Chagall - Libros del Zorro Rojo","description":"El pasado 8 de julio se cumplieron 400 a\u00f1os del nacimiento de Jean de La Fontaine, uno de los escritores franceses m\u00e1s ilustres, cuyas obras marcaron un tramo fundamental en la literatura del Grand Si\u00e8cle. Para la ocasi\u00f3n, Estrella Borrego, editora de Libros del Zorro Rojo, acudi\u00f3 al programa Hoy empieza todo de Radio 3 y convers\u00f3 con la periodista Marta Echevarr\u00eda sobre la figura del poeta, conocido sobre todo por adaptar las f\u00e1bulas de Esopo y Fedro al franc\u00e9s.","robots":{"index":"index","follow":"follow","max-snippet":"max-snippet:-1","max-image-preview":"max-image-preview:large","max-video-preview":"max-video-preview:-1"},"canonical":"https:\/\/librosdelzorrorojo.com\/ca\/celebramos-el-400-aniversario-de-la-fontaine-con-sus-fabulas-y-los-gouaches-de-chagall\/","og_locale":"ca_ES","og_type":"article","og_title":"Celebramos el 400.\u00ba aniversario de La Fontaine con sus f\u00e1bulas y los gouaches de Chagall - Libros del Zorro Rojo","og_description":"El pasado 8 de julio se cumplieron 400 a\u00f1os del nacimiento de Jean de La Fontaine, uno de los escritores franceses m\u00e1s ilustres, cuyas obras marcaron un tramo fundamental en la literatura del Grand Si\u00e8cle. Para la ocasi\u00f3n, Estrella Borrego, editora de Libros del Zorro Rojo, acudi\u00f3 al programa Hoy empieza todo de Radio 3 y convers\u00f3 con la periodista Marta Echevarr\u00eda sobre la figura del poeta, conocido sobre todo por adaptar las f\u00e1bulas de Esopo y Fedro al franc\u00e9s.","og_url":"https:\/\/librosdelzorrorojo.com\/ca\/celebramos-el-400-aniversario-de-la-fontaine-con-sus-fabulas-y-los-gouaches-de-chagall\/","og_site_name":"Libros del Zorro Rojo","article_published_time":"2021-07-15T15:33:06+00:00","article_modified_time":"2021-07-15T15:35:34+00:00","og_image":[{"width":994,"height":400,"url":"https:\/\/librosdelzorrorojo.com\/wp-content\/uploads\/2017\/04\/SLIDE_Fabulas_05.jpg","type":"image\/jpeg"}],"author":"Prensa Zorro Rojo","twitter_card":"summary_large_image","twitter_misc":{"Escrit per":"Prensa Zorro Rojo","Temps estimat de lectura":"1 minut"},"schema":{"@context":"https:\/\/schema.org","@graph":[{"@type":"WebPage","@id":"https:\/\/librosdelzorrorojo.com\/ca\/celebramos-el-400-aniversario-de-la-fontaine-con-sus-fabulas-y-los-gouaches-de-chagall\/","url":"https:\/\/librosdelzorrorojo.com\/ca\/celebramos-el-400-aniversario-de-la-fontaine-con-sus-fabulas-y-los-gouaches-de-chagall\/","name":"Celebramos el 400.\u00ba aniversario de La Fontaine con sus f\u00e1bulas y los gouaches de Chagall - Libros del Zorro Rojo","isPartOf":{"@id":"https:\/\/librosdelzorrorojo.com\/#website"},"primaryImageOfPage":{"@id":"https:\/\/librosdelzorrorojo.com\/ca\/celebramos-el-400-aniversario-de-la-fontaine-con-sus-fabulas-y-los-gouaches-de-chagall\/#primaryimage"},"image":{"@id":"https:\/\/librosdelzorrorojo.com\/ca\/celebramos-el-400-aniversario-de-la-fontaine-con-sus-fabulas-y-los-gouaches-de-chagall\/#primaryimage"},"thumbnailUrl":"https:\/\/librosdelzorrorojo.com\/wp-content\/uploads\/2017\/04\/SLIDE_Fabulas_05.jpg","datePublished":"2021-07-15T15:33:06+00:00","dateModified":"2021-07-15T15:35:34+00:00","author":{"@id":"https:\/\/librosdelzorrorojo.com\/#\/schema\/person\/bd0af7a2597b5d1af9d8c2dbe8fbf811"},"description":"El pasado 8 de julio se cumplieron 400 a\u00f1os del nacimiento de Jean de La Fontaine, uno de los escritores franceses m\u00e1s ilustres, cuyas obras marcaron un tramo fundamental en la literatura del Grand Si\u00e8cle. Para la ocasi\u00f3n, Estrella Borrego, editora de Libros del Zorro Rojo, acudi\u00f3 al programa Hoy empieza todo de Radio 3 y convers\u00f3 con la periodista Marta Echevarr\u00eda sobre la figura del poeta, conocido sobre todo por adaptar las f\u00e1bulas de Esopo y Fedro al franc\u00e9s.","breadcrumb":{"@id":"https:\/\/librosdelzorrorojo.com\/ca\/celebramos-el-400-aniversario-de-la-fontaine-con-sus-fabulas-y-los-gouaches-de-chagall\/#breadcrumb"},"inLanguage":"ca","potentialAction":[{"@type":"ReadAction","target":["https:\/\/librosdelzorrorojo.com\/ca\/celebramos-el-400-aniversario-de-la-fontaine-con-sus-fabulas-y-los-gouaches-de-chagall\/"]}]},{"@type":"ImageObject","inLanguage":"ca","@id":"https:\/\/librosdelzorrorojo.com\/ca\/celebramos-el-400-aniversario-de-la-fontaine-con-sus-fabulas-y-los-gouaches-de-chagall\/#primaryimage","url":"https:\/\/librosdelzorrorojo.com\/wp-content\/uploads\/2017\/04\/SLIDE_Fabulas_05.jpg","contentUrl":"https:\/\/librosdelzorrorojo.com\/wp-content\/uploads\/2017\/04\/SLIDE_Fabulas_05.jpg","width":994,"height":400,"caption":"SLIDE Fabulas 05"},{"@type":"BreadcrumbList","@id":"https:\/\/librosdelzorrorojo.com\/ca\/celebramos-el-400-aniversario-de-la-fontaine-con-sus-fabulas-y-los-gouaches-de-chagall\/#breadcrumb","itemListElement":[{"@type":"ListItem","position":1,"name":"Portada","item":"https:\/\/librosdelzorrorojo.com\/ca\/"},{"@type":"ListItem","position":2,"name":"Celebramos el 400.\u00ba aniversario de La Fontaine con sus f\u00e1bulas y los gouaches de Chagall"}]},{"@type":"WebSite","@id":"https:\/\/librosdelzorrorojo.com\/#website","url":"https:\/\/librosdelzorrorojo.com\/","name":"Libros del Zorro Rojo","description":"Libros ilustrados","potentialAction":[{"@type":"SearchAction","target":{"@type":"EntryPoint","urlTemplate":"https:\/\/librosdelzorrorojo.com\/?s={search_term_string}"},"query-input":{"@type":"PropertyValueSpecification","valueRequired":true,"valueName":"search_term_string"}}],"inLanguage":"ca"},{"@type":"Person","@id":"https:\/\/librosdelzorrorojo.com\/#\/schema\/person\/bd0af7a2597b5d1af9d8c2dbe8fbf811","name":"Prensa Zorro Rojo","image":{"@type":"ImageObject","inLanguage":"ca","@id":"https:\/\/librosdelzorrorojo.com\/#\/schema\/person\/image\/","url":"https:\/\/secure.gravatar.com\/avatar\/786edf7f4a8b899f441ef505c10164a4?s=96&d=mm&r=g","contentUrl":"https:\/\/secure.gravatar.com\/avatar\/786edf7f4a8b899f441ef505c10164a4?s=96&d=mm&r=g","caption":"Prensa Zorro Rojo"}}]}},"_links":{"self":[{"href":"https:\/\/librosdelzorrorojo.com\/ca\/wp-json\/wp\/v2\/posts\/20620","targetHints":{"allow":["GET"]}}],"collection":[{"href":"https:\/\/librosdelzorrorojo.com\/ca\/wp-json\/wp\/v2\/posts"}],"about":[{"href":"https:\/\/librosdelzorrorojo.com\/ca\/wp-json\/wp\/v2\/types\/post"}],"author":[{"embeddable":true,"href":"https:\/\/librosdelzorrorojo.com\/ca\/wp-json\/wp\/v2\/users\/4"}],"replies":[{"embeddable":true,"href":"https:\/\/librosdelzorrorojo.com\/ca\/wp-json\/wp\/v2\/comments?post=20620"}],"version-history":[{"count":1,"href":"https:\/\/librosdelzorrorojo.com\/ca\/wp-json\/wp\/v2\/posts\/20620\/revisions"}],"predecessor-version":[{"id":20621,"href":"https:\/\/librosdelzorrorojo.com\/ca\/wp-json\/wp\/v2\/posts\/20620\/revisions\/20621"}],"wp:featuredmedia":[{"embeddable":true,"href":"https:\/\/librosdelzorrorojo.com\/ca\/wp-json\/wp\/v2\/media\/20155"}],"wp:attachment":[{"href":"https:\/\/librosdelzorrorojo.com\/ca\/wp-json\/wp\/v2\/media?parent=20620"}],"wp:term":[{"taxonomy":"category","embeddable":true,"href":"https:\/\/librosdelzorrorojo.com\/ca\/wp-json\/wp\/v2\/categories?post=20620"},{"taxonomy":"post_tag","embeddable":true,"href":"https:\/\/librosdelzorrorojo.com\/ca\/wp-json\/wp\/v2\/tags?post=20620"}],"curies":[{"name":"wp","href":"https:\/\/api.w.org\/{rel}","templated":true}]}}