{"id":20310,"date":"2021-06-09T14:32:47","date_gmt":"2021-06-09T12:32:47","guid":{"rendered":"https:\/\/librosdelzorrorojo.com\/el-llibre-unic-el-festival-que-reivindica-els-llibres-oblidats\/"},"modified":"2021-06-10T13:53:32","modified_gmt":"2021-06-10T11:53:32","slug":"el-llibre-unic-el-festival-que-reivindica-els-llibres-oblidats","status":"publish","type":"post","link":"https:\/\/librosdelzorrorojo.com\/ca\/el-llibre-unic-el-festival-que-reivindica-els-llibres-oblidats\/","title":{"rendered":"El Llibre \u00danic, el festival que reivindica els llibres oblidats"},"content":{"rendered":"<p><span><span lang=\"CA\">Arriba a Barcelona el <\/span> <span style=\"color: #ff0000;\"><a href=\"https:\/\/www.llibreunic.com\/\" style=\"color: #ff0000;\"><strong>Llibre \u00danic<\/strong><\/a><\/span>, <\/span><span lang=\"CA\">el festival que pret\u00e9n <strong>posar en valor els llibres de fons<\/strong>, aquelles joies oblidades que han quedat soterrades entre la muntanya de novetats i que mereixen que les recordem. Perqu\u00e8, per als que estimem la literatura, <strong>existeixen llibres excepcionals que no caduquen<\/strong>.<\/span><\/p>\n<p><span>Aquest <strong>dissabte 12 de juny<\/strong> us esperem a la <span style=\"color: #ff0000;\"><a href=\"https:\/\/www.fabricalehmann.barcelona\/\" style=\"color: #ff0000;\"><strong>F\u00e0brica Lehmann<\/strong><\/a><\/span>, on \u2014<span lang=\"CA\">juntament amb deu editorials amigues<\/span>\u2014 <span lang=\"CA\">desvelarem quin \u00e9s el nostre \u00abllibre \u00fanic\u00bb, entre moltes altres sorpreses<\/span>. <\/span><span lang=\"CA\">Per donar a aquestes obres el protagonisme que es mereixen, comptarem amb <strong>una marat\u00f3 d&#8217;activitats originals<\/strong>: concerts, peces teatrals, jocs, <em>performances<\/em>&#8230; A les <strong>11:55 hores<\/strong> (ben puntuals!) us hi volem veure a tots i totes, ja que ser\u00e0 el torn de Libros del Zorro Rojo.<\/span><\/p>\n<p><span lang=\"CA\">A m\u00e9s, a partir d&#8217;aquell mateix dia, la nova vida d&#8217;aquests llibres tan especials continuar\u00e0 a les<strong> llibreries<\/strong>, on esperem que tinguin tota la vostra atenci\u00f3. \u00c9s el moment de <strong>rellegir-los des de noves perspectives<\/strong> i fer-los cr\u00e9ixer!<\/span><\/p>\n<p><strong><span lang=\"CA\">Quin t\u00edtol del nostre cat\u00e0leg creieu que \u00e9s el m\u00e9s singular? <\/span><\/strong><span>Hem organitzat un <strong>sorteig <\/strong>en el qual podeu conseguir un lot de llibres. Podeu participar a <a href=\"https:\/\/www.instagram.com\/p\/CP3rAxzhi2i\/\" data-cke-saved-href=\"https:\/\/www.instagram.com\/p\/CP3rAxzhi2i\/\" target=\"_blank\" rel=\"noopener noreferrer\"><span style=\"color: #ff0000;\">Instagram<\/span><\/a>, <a href=\"https:\/\/www.facebook.com\/LibrosdelZorroRojo\/posts\/10159194929178446\"><span style=\"color: #ff0000;\">Facebook<\/span><\/a> o <a href=\"https:\/\/twitter.com\/LibrosZorroRojo\/status\/1402909486877138946\"><span style=\"color: #ff0000;\">Twitter<\/span><\/a>. Les bases legals estan disponibles <a href=\"https:\/\/bit.ly\/3pMUGSl\"><span style=\"color: #ff0000;\">aqu\u00ed<\/span><\/a>.<\/span><\/p>\n\n\t\t<style type=\"text\/css\">\n\t\t\t#gallery-1 {\n\t\t\t\tmargin: auto;\n\t\t\t}\n\t\t\t#gallery-1 .gallery-item {\n\t\t\t\tfloat: left;\n\t\t\t\tmargin-top: 10px;\n\t\t\t\ttext-align: center;\n\t\t\t\twidth: 100%;\n\t\t\t}\n\t\t\t#gallery-1 img {\n\t\t\t\tborder: 2px solid #cfcfcf;\n\t\t\t}\n\t\t\t#gallery-1 .gallery-caption {\n\t\t\t\tmargin-left: 0;\n\t\t\t}\n\t\t\t\/* see gallery_shortcode() in wp-includes\/media.php *\/\n\t\t<\/style>\n\t\t<div id='gallery-1' class='gallery galleryid-20310 gallery-columns-1 gallery-size-large'><dl class='gallery-item'>\n\t\t\t<dt class='gallery-icon landscape'>\n\t\t\t\t<a title=\"Llibes embolicats 1\"  href='https:\/\/librosdelzorrorojo.com\/ca\/llibes-embolicats-1-2\/'><img fetchpriority=\"high\" decoding=\"async\" width=\"960\" height=\"720\" src=\"https:\/\/librosdelzorrorojo.com\/wp-content\/uploads\/2021\/06\/Llibes-embolicats-1-1024x768.jpg\" class=\"attachment-large size-large\" alt=\"Llibes embolicats 1\" aria-describedby=\"gallery-1-20306\" srcset=\"https:\/\/librosdelzorrorojo.com\/wp-content\/uploads\/2021\/06\/Llibes-embolicats-1.jpg 1024w, https:\/\/librosdelzorrorojo.com\/wp-content\/uploads\/2021\/06\/Llibes-embolicats-1-600x450.jpg 600w, https:\/\/librosdelzorrorojo.com\/wp-content\/uploads\/2021\/06\/Llibes-embolicats-1-768x576.jpg 768w, https:\/\/librosdelzorrorojo.com\/wp-content\/uploads\/2021\/06\/Llibes-embolicats-1-800x600.jpg 800w\" sizes=\"(max-width: 960px) 100vw, 960px\" \/><\/a>\n\t\t\t<\/dt>\n\t\t\t\t<dd class='wp-caption-text gallery-caption' id='gallery-1-20306'>\n\t\t\t\tLlibes embolicats 1\n\t\t\t\t<\/dd><\/dl><br style=\"clear: both\" \/>\n\t\t<\/div>\n\n","protected":false},"excerpt":{"rendered":"Arriba a Barcelona el Llibre \u00danic, el festival que pret\u00e9n posar en valor els llibres de fons, aquelles joies oblidades que han quedat soterrades entre la muntanya de novetats i que mereixen que les recordem. Perqu\u00e8, per als que estimem la literatura, existeixen llibres excepcionals que no caduquen. Aquest dissabte 12 de juny us esperem [&hellip;]","protected":false},"author":4,"featured_media":20304,"comment_status":"closed","ping_status":"closed","sticky":false,"template":"","format":"standard","meta":{"_acf_changed":false,"footnotes":""},"categories":[2451],"tags":[],"class_list":["post-20310","post","type-post","status-publish","format-standard","has-post-thumbnail","hentry","category-agenda-ca"],"acf":[],"yoast_head":"<!-- This site is optimized with the Yoast SEO plugin v25.1 - https:\/\/yoast.com\/wordpress\/plugins\/seo\/ -->\n<title>El Llibre \u00danic, el festival que reivindica els llibres oblidats - Libros del Zorro Rojo<\/title>\n<meta name=\"robots\" content=\"index, follow, max-snippet:-1, max-image-preview:large, max-video-preview:-1\" \/>\n<link rel=\"canonical\" href=\"https:\/\/librosdelzorrorojo.com\/ca\/el-llibre-unic-el-festival-que-reivindica-els-llibres-oblidats\/\" \/>\n<meta property=\"og:locale\" content=\"ca_ES\" \/>\n<meta property=\"og:type\" content=\"article\" \/>\n<meta property=\"og:title\" content=\"El Llibre \u00danic, el festival que reivindica els llibres oblidats - Libros del Zorro Rojo\" \/>\n<meta property=\"og:description\" content=\"Arriba a Barcelona el Llibre \u00danic, el festival que pret\u00e9n posar en valor els llibres de fons, aquelles joies oblidades que han quedat soterrades entre la muntanya de novetats i que mereixen que les recordem. Perqu\u00e8, per als que estimem la literatura, existeixen llibres excepcionals que no caduquen. Aquest dissabte 12 de juny us esperem [&hellip;]\" \/>\n<meta property=\"og:url\" content=\"https:\/\/librosdelzorrorojo.com\/ca\/el-llibre-unic-el-festival-que-reivindica-els-llibres-oblidats\/\" \/>\n<meta property=\"og:site_name\" content=\"Libros del Zorro Rojo\" \/>\n<meta property=\"article:published_time\" content=\"2021-06-09T12:32:47+00:00\" \/>\n<meta property=\"article:modified_time\" content=\"2021-06-10T11:53:32+00:00\" \/>\n<meta property=\"og:image\" content=\"https:\/\/librosdelzorrorojo.com\/wp-content\/uploads\/2021\/06\/Xarxes_Editorial_Post-1984.jpg\" \/>\n\t<meta property=\"og:image:width\" content=\"5386\" \/>\n\t<meta property=\"og:image:height\" content=\"2167\" \/>\n\t<meta property=\"og:image:type\" content=\"image\/jpeg\" \/>\n<meta name=\"author\" content=\"Prensa Zorro Rojo\" \/>\n<meta name=\"twitter:card\" content=\"summary_large_image\" \/>\n<meta name=\"twitter:label1\" content=\"Escrit per\" \/>\n\t<meta name=\"twitter:data1\" content=\"Prensa Zorro Rojo\" \/>\n\t<meta name=\"twitter:label2\" content=\"Temps estimat de lectura\" \/>\n\t<meta name=\"twitter:data2\" content=\"1 minut\" \/>\n<script type=\"application\/ld+json\" class=\"yoast-schema-graph\">{\"@context\":\"https:\/\/schema.org\",\"@graph\":[{\"@type\":\"WebPage\",\"@id\":\"https:\/\/librosdelzorrorojo.com\/ca\/el-llibre-unic-el-festival-que-reivindica-els-llibres-oblidats\/\",\"url\":\"https:\/\/librosdelzorrorojo.com\/ca\/el-llibre-unic-el-festival-que-reivindica-els-llibres-oblidats\/\",\"name\":\"El Llibre \u00danic, el festival que reivindica els llibres oblidats - Libros del Zorro Rojo\",\"isPartOf\":{\"@id\":\"https:\/\/librosdelzorrorojo.com\/#website\"},\"primaryImageOfPage\":{\"@id\":\"https:\/\/librosdelzorrorojo.com\/ca\/el-llibre-unic-el-festival-que-reivindica-els-llibres-oblidats\/#primaryimage\"},\"image\":{\"@id\":\"https:\/\/librosdelzorrorojo.com\/ca\/el-llibre-unic-el-festival-que-reivindica-els-llibres-oblidats\/#primaryimage\"},\"thumbnailUrl\":\"https:\/\/librosdelzorrorojo.com\/wp-content\/uploads\/2021\/06\/Xarxes_Editorial_Post-1984.jpg\",\"datePublished\":\"2021-06-09T12:32:47+00:00\",\"dateModified\":\"2021-06-10T11:53:32+00:00\",\"author\":{\"@id\":\"https:\/\/librosdelzorrorojo.com\/#\/schema\/person\/bd0af7a2597b5d1af9d8c2dbe8fbf811\"},\"breadcrumb\":{\"@id\":\"https:\/\/librosdelzorrorojo.com\/ca\/el-llibre-unic-el-festival-que-reivindica-els-llibres-oblidats\/#breadcrumb\"},\"inLanguage\":\"ca\",\"potentialAction\":[{\"@type\":\"ReadAction\",\"target\":[\"https:\/\/librosdelzorrorojo.com\/ca\/el-llibre-unic-el-festival-que-reivindica-els-llibres-oblidats\/\"]}]},{\"@type\":\"ImageObject\",\"inLanguage\":\"ca\",\"@id\":\"https:\/\/librosdelzorrorojo.com\/ca\/el-llibre-unic-el-festival-que-reivindica-els-llibres-oblidats\/#primaryimage\",\"url\":\"https:\/\/librosdelzorrorojo.com\/wp-content\/uploads\/2021\/06\/Xarxes_Editorial_Post-1984.jpg\",\"contentUrl\":\"https:\/\/librosdelzorrorojo.com\/wp-content\/uploads\/2021\/06\/Xarxes_Editorial_Post-1984.jpg\",\"width\":5386,\"height\":2167,\"caption\":\"Xarxes Editorial Post 1984\"},{\"@type\":\"BreadcrumbList\",\"@id\":\"https:\/\/librosdelzorrorojo.com\/ca\/el-llibre-unic-el-festival-que-reivindica-els-llibres-oblidats\/#breadcrumb\",\"itemListElement\":[{\"@type\":\"ListItem\",\"position\":1,\"name\":\"Portada\",\"item\":\"https:\/\/librosdelzorrorojo.com\/ca\/\"},{\"@type\":\"ListItem\",\"position\":2,\"name\":\"El Llibre \u00danic, el festival que reivindica els llibres oblidats\"}]},{\"@type\":\"WebSite\",\"@id\":\"https:\/\/librosdelzorrorojo.com\/#website\",\"url\":\"https:\/\/librosdelzorrorojo.com\/\",\"name\":\"Libros del Zorro Rojo\",\"description\":\"Libros ilustrados\",\"potentialAction\":[{\"@type\":\"SearchAction\",\"target\":{\"@type\":\"EntryPoint\",\"urlTemplate\":\"https:\/\/librosdelzorrorojo.com\/?s={search_term_string}\"},\"query-input\":{\"@type\":\"PropertyValueSpecification\",\"valueRequired\":true,\"valueName\":\"search_term_string\"}}],\"inLanguage\":\"ca\"},{\"@type\":\"Person\",\"@id\":\"https:\/\/librosdelzorrorojo.com\/#\/schema\/person\/bd0af7a2597b5d1af9d8c2dbe8fbf811\",\"name\":\"Prensa Zorro Rojo\",\"image\":{\"@type\":\"ImageObject\",\"inLanguage\":\"ca\",\"@id\":\"https:\/\/librosdelzorrorojo.com\/#\/schema\/person\/image\/\",\"url\":\"https:\/\/secure.gravatar.com\/avatar\/786edf7f4a8b899f441ef505c10164a4?s=96&d=mm&r=g\",\"contentUrl\":\"https:\/\/secure.gravatar.com\/avatar\/786edf7f4a8b899f441ef505c10164a4?s=96&d=mm&r=g\",\"caption\":\"Prensa Zorro Rojo\"}}]}<\/script>\n<!-- \/ Yoast SEO plugin. -->","yoast_head_json":{"title":"El Llibre \u00danic, el festival que reivindica els llibres oblidats - Libros del Zorro Rojo","robots":{"index":"index","follow":"follow","max-snippet":"max-snippet:-1","max-image-preview":"max-image-preview:large","max-video-preview":"max-video-preview:-1"},"canonical":"https:\/\/librosdelzorrorojo.com\/ca\/el-llibre-unic-el-festival-que-reivindica-els-llibres-oblidats\/","og_locale":"ca_ES","og_type":"article","og_title":"El Llibre \u00danic, el festival que reivindica els llibres oblidats - Libros del Zorro Rojo","og_description":"Arriba a Barcelona el Llibre \u00danic, el festival que pret\u00e9n posar en valor els llibres de fons, aquelles joies oblidades que han quedat soterrades entre la muntanya de novetats i que mereixen que les recordem. Perqu\u00e8, per als que estimem la literatura, existeixen llibres excepcionals que no caduquen. Aquest dissabte 12 de juny us esperem [&hellip;]","og_url":"https:\/\/librosdelzorrorojo.com\/ca\/el-llibre-unic-el-festival-que-reivindica-els-llibres-oblidats\/","og_site_name":"Libros del Zorro Rojo","article_published_time":"2021-06-09T12:32:47+00:00","article_modified_time":"2021-06-10T11:53:32+00:00","og_image":[{"width":5386,"height":2167,"url":"https:\/\/librosdelzorrorojo.com\/wp-content\/uploads\/2021\/06\/Xarxes_Editorial_Post-1984.jpg","type":"image\/jpeg"}],"author":"Prensa Zorro Rojo","twitter_card":"summary_large_image","twitter_misc":{"Escrit per":"Prensa Zorro Rojo","Temps estimat de lectura":"1 minut"},"schema":{"@context":"https:\/\/schema.org","@graph":[{"@type":"WebPage","@id":"https:\/\/librosdelzorrorojo.com\/ca\/el-llibre-unic-el-festival-que-reivindica-els-llibres-oblidats\/","url":"https:\/\/librosdelzorrorojo.com\/ca\/el-llibre-unic-el-festival-que-reivindica-els-llibres-oblidats\/","name":"El Llibre \u00danic, el festival que reivindica els llibres oblidats - Libros del Zorro Rojo","isPartOf":{"@id":"https:\/\/librosdelzorrorojo.com\/#website"},"primaryImageOfPage":{"@id":"https:\/\/librosdelzorrorojo.com\/ca\/el-llibre-unic-el-festival-que-reivindica-els-llibres-oblidats\/#primaryimage"},"image":{"@id":"https:\/\/librosdelzorrorojo.com\/ca\/el-llibre-unic-el-festival-que-reivindica-els-llibres-oblidats\/#primaryimage"},"thumbnailUrl":"https:\/\/librosdelzorrorojo.com\/wp-content\/uploads\/2021\/06\/Xarxes_Editorial_Post-1984.jpg","datePublished":"2021-06-09T12:32:47+00:00","dateModified":"2021-06-10T11:53:32+00:00","author":{"@id":"https:\/\/librosdelzorrorojo.com\/#\/schema\/person\/bd0af7a2597b5d1af9d8c2dbe8fbf811"},"breadcrumb":{"@id":"https:\/\/librosdelzorrorojo.com\/ca\/el-llibre-unic-el-festival-que-reivindica-els-llibres-oblidats\/#breadcrumb"},"inLanguage":"ca","potentialAction":[{"@type":"ReadAction","target":["https:\/\/librosdelzorrorojo.com\/ca\/el-llibre-unic-el-festival-que-reivindica-els-llibres-oblidats\/"]}]},{"@type":"ImageObject","inLanguage":"ca","@id":"https:\/\/librosdelzorrorojo.com\/ca\/el-llibre-unic-el-festival-que-reivindica-els-llibres-oblidats\/#primaryimage","url":"https:\/\/librosdelzorrorojo.com\/wp-content\/uploads\/2021\/06\/Xarxes_Editorial_Post-1984.jpg","contentUrl":"https:\/\/librosdelzorrorojo.com\/wp-content\/uploads\/2021\/06\/Xarxes_Editorial_Post-1984.jpg","width":5386,"height":2167,"caption":"Xarxes Editorial Post 1984"},{"@type":"BreadcrumbList","@id":"https:\/\/librosdelzorrorojo.com\/ca\/el-llibre-unic-el-festival-que-reivindica-els-llibres-oblidats\/#breadcrumb","itemListElement":[{"@type":"ListItem","position":1,"name":"Portada","item":"https:\/\/librosdelzorrorojo.com\/ca\/"},{"@type":"ListItem","position":2,"name":"El Llibre \u00danic, el festival que reivindica els llibres oblidats"}]},{"@type":"WebSite","@id":"https:\/\/librosdelzorrorojo.com\/#website","url":"https:\/\/librosdelzorrorojo.com\/","name":"Libros del Zorro Rojo","description":"Libros ilustrados","potentialAction":[{"@type":"SearchAction","target":{"@type":"EntryPoint","urlTemplate":"https:\/\/librosdelzorrorojo.com\/?s={search_term_string}"},"query-input":{"@type":"PropertyValueSpecification","valueRequired":true,"valueName":"search_term_string"}}],"inLanguage":"ca"},{"@type":"Person","@id":"https:\/\/librosdelzorrorojo.com\/#\/schema\/person\/bd0af7a2597b5d1af9d8c2dbe8fbf811","name":"Prensa Zorro Rojo","image":{"@type":"ImageObject","inLanguage":"ca","@id":"https:\/\/librosdelzorrorojo.com\/#\/schema\/person\/image\/","url":"https:\/\/secure.gravatar.com\/avatar\/786edf7f4a8b899f441ef505c10164a4?s=96&d=mm&r=g","contentUrl":"https:\/\/secure.gravatar.com\/avatar\/786edf7f4a8b899f441ef505c10164a4?s=96&d=mm&r=g","caption":"Prensa Zorro Rojo"}}]}},"_links":{"self":[{"href":"https:\/\/librosdelzorrorojo.com\/ca\/wp-json\/wp\/v2\/posts\/20310","targetHints":{"allow":["GET"]}}],"collection":[{"href":"https:\/\/librosdelzorrorojo.com\/ca\/wp-json\/wp\/v2\/posts"}],"about":[{"href":"https:\/\/librosdelzorrorojo.com\/ca\/wp-json\/wp\/v2\/types\/post"}],"author":[{"embeddable":true,"href":"https:\/\/librosdelzorrorojo.com\/ca\/wp-json\/wp\/v2\/users\/4"}],"replies":[{"embeddable":true,"href":"https:\/\/librosdelzorrorojo.com\/ca\/wp-json\/wp\/v2\/comments?post=20310"}],"version-history":[{"count":2,"href":"https:\/\/librosdelzorrorojo.com\/ca\/wp-json\/wp\/v2\/posts\/20310\/revisions"}],"predecessor-version":[{"id":20315,"href":"https:\/\/librosdelzorrorojo.com\/ca\/wp-json\/wp\/v2\/posts\/20310\/revisions\/20315"}],"wp:featuredmedia":[{"embeddable":true,"href":"https:\/\/librosdelzorrorojo.com\/ca\/wp-json\/wp\/v2\/media\/20304"}],"wp:attachment":[{"href":"https:\/\/librosdelzorrorojo.com\/ca\/wp-json\/wp\/v2\/media?parent=20310"}],"wp:term":[{"taxonomy":"category","embeddable":true,"href":"https:\/\/librosdelzorrorojo.com\/ca\/wp-json\/wp\/v2\/categories?post=20310"},{"taxonomy":"post_tag","embeddable":true,"href":"https:\/\/librosdelzorrorojo.com\/ca\/wp-json\/wp\/v2\/tags?post=20310"}],"curies":[{"name":"wp","href":"https:\/\/api.w.org\/{rel}","templated":true}]}}