{"id":18130,"date":"2020-10-01T19:16:55","date_gmt":"2020-10-01T17:16:55","guid":{"rendered":"https:\/\/librosdelzorrorojo.com\/el-3-i-4-doctubre-libros-del-zorro-rojo-tornem-a-liberisliber\/"},"modified":"2020-10-01T19:49:15","modified_gmt":"2020-10-01T17:49:15","slug":"liberisliber-2020","status":"publish","type":"post","link":"https:\/\/librosdelzorrorojo.com\/ca\/liberisliber-2020\/","title":{"rendered":"El 3 i 4 d&#8217;octubre Libros del Zorro Rojo tornem a Liberisliber"},"content":{"rendered":"<p><span lang=\"CA\">En un any especialment incert <strong>volem retrobar-nos amb els nostres lectors i lectores<\/strong> i amb un munt d&#8217;editorials amigues per celebrar que els llibres segueixen fent-nos la vida una mica m\u00e9s f\u00e0cil.<\/span><\/p>\n<p><span lang=\"CA\">Per aix\u00f2, tornem a <strong>Liberisliber<\/strong>, un festival que en la seva onzena edici\u00f3 ens segueix donant l&#8217;oportunitat de descobrir <\/span>autors, hist\u00f2ries i llibres art\u00edstics singulars <span lang=\"CA\">en un indret m\u00e0gic: <strong>el poble medieval de Besal\u00fa<\/strong>.<br \/>\n<\/span><\/p>\n<p><span lang=\"CA\">Aquest cap de setmana us esperem a aquesta <strong>fira d&#8217;editorials independents<\/strong>!<\/span><\/p>\n<p><span lang=\"CA\">Podeu consultar m\u00e9s informaci\u00f3 a la p\u00e0gina web de <span style=\"color: #ff0000;\"><a href=\"https:\/\/liberisliber.com\/inici\/\" style=\"color: #ff0000;\">Liberisliber<\/a><\/span>.<\/span><\/p>\n\n\t\t<style type=\"text\/css\">\n\t\t\t#gallery-1 {\n\t\t\t\tmargin: auto;\n\t\t\t}\n\t\t\t#gallery-1 .gallery-item {\n\t\t\t\tfloat: left;\n\t\t\t\tmargin-top: 10px;\n\t\t\t\ttext-align: center;\n\t\t\t\twidth: 100%;\n\t\t\t}\n\t\t\t#gallery-1 img {\n\t\t\t\tborder: 2px solid #cfcfcf;\n\t\t\t}\n\t\t\t#gallery-1 .gallery-caption {\n\t\t\t\tmargin-left: 0;\n\t\t\t}\n\t\t\t\/* see gallery_shortcode() in wp-includes\/media.php *\/\n\t\t<\/style>\n\t\t<div id='gallery-1' class='gallery galleryid-18130 gallery-columns-1 gallery-size-large'><dl class='gallery-item'>\n\t\t\t<dt class='gallery-icon portrait'>\n\t\t\t\t<a title=\"Cartell Cat.\"  href='https:\/\/librosdelzorrorojo.com\/ca\/cartell-cat-2\/'><img fetchpriority=\"high\" decoding=\"async\" width=\"724\" height=\"1024\" src=\"https:\/\/librosdelzorrorojo.com\/wp-content\/uploads\/2020\/10\/Cartell-Cat.-724x1024.jpeg\" class=\"attachment-large size-large\" alt=\"Cartell Cat.\" aria-describedby=\"gallery-1-18120\" srcset=\"https:\/\/librosdelzorrorojo.com\/wp-content\/uploads\/2020\/10\/Cartell-Cat.-724x1024.jpeg 724w, https:\/\/librosdelzorrorojo.com\/wp-content\/uploads\/2020\/10\/Cartell-Cat.-424x600.jpeg 424w, https:\/\/librosdelzorrorojo.com\/wp-content\/uploads\/2020\/10\/Cartell-Cat.-768x1086.jpeg 768w, https:\/\/librosdelzorrorojo.com\/wp-content\/uploads\/2020\/10\/Cartell-Cat.-800x1132.jpeg 800w\" sizes=\"(max-width: 724px) 100vw, 724px\" \/><\/a>\n\t\t\t<\/dt>\n\t\t\t\t<dd class='wp-caption-text gallery-caption' id='gallery-1-18120'>\n\t\t\t\tCartell Cat.\n\t\t\t\t<\/dd><\/dl><br style=\"clear: both\" \/>\n\t\t<\/div>\n\n","protected":false},"excerpt":{"rendered":"En un any especialment incert volem retrobar-nos amb els nostres lectors i lectores i amb un munt d&#8217;editorials amigues per celebrar que els llibres segueixen fent-nos la vida una mica m\u00e9s f\u00e0cil. Per aix\u00f2, tornem a Liberisliber, un festival que en la seva onzena edici\u00f3 ens segueix donant l&#8217;oportunitat de descobrir autors, hist\u00f2ries i llibres [&hellip;]","protected":false},"author":4,"featured_media":18126,"comment_status":"closed","ping_status":"closed","sticky":false,"template":"","format":"standard","meta":{"_acf_changed":false,"footnotes":""},"categories":[2451],"tags":[],"class_list":["post-18130","post","type-post","status-publish","format-standard","has-post-thumbnail","hentry","category-agenda-ca"],"acf":[],"yoast_head":"<!-- This site is optimized with the Yoast SEO plugin v25.1 - https:\/\/yoast.com\/wordpress\/plugins\/seo\/ -->\n<title>El 3 i 4 d&#039;octubre Libros del Zorro Rojo tornem a Liberisliber - Libros del Zorro Rojo<\/title>\n<meta name=\"description\" content=\"Libros del Zorro Rojo tornem a Liberisliber, un festival que en la seva onzena edici\u00f3 ens segueix donant l&#039;oportunitat de seguir descobrint autors, hist\u00f2ries i llibres art\u00edstics singulars en un indret m\u00e0gic: el poble medieval de Besal\u00fa.\" \/>\n<meta name=\"robots\" content=\"index, follow, max-snippet:-1, max-image-preview:large, max-video-preview:-1\" \/>\n<link rel=\"canonical\" href=\"https:\/\/librosdelzorrorojo.com\/ca\/liberisliber-2020\/\" \/>\n<meta property=\"og:locale\" content=\"ca_ES\" \/>\n<meta property=\"og:type\" content=\"article\" \/>\n<meta property=\"og:title\" content=\"El 3 i 4 d&#039;octubre Libros del Zorro Rojo tornem a Liberisliber - Libros del Zorro Rojo\" \/>\n<meta property=\"og:description\" content=\"Libros del Zorro Rojo tornem a Liberisliber, un festival que en la seva onzena edici\u00f3 ens segueix donant l&#039;oportunitat de seguir descobrint autors, hist\u00f2ries i llibres art\u00edstics singulars en un indret m\u00e0gic: el poble medieval de Besal\u00fa.\" \/>\n<meta property=\"og:url\" content=\"https:\/\/librosdelzorrorojo.com\/ca\/liberisliber-2020\/\" \/>\n<meta property=\"og:site_name\" content=\"Libros del Zorro Rojo\" \/>\n<meta property=\"article:published_time\" content=\"2020-10-01T17:16:55+00:00\" \/>\n<meta property=\"article:modified_time\" content=\"2020-10-01T17:49:15+00:00\" \/>\n<meta property=\"og:image\" content=\"https:\/\/librosdelzorrorojo.com\/wp-content\/uploads\/2020\/10\/Slide-Liberisliber-1024x412.png\" \/>\n\t<meta property=\"og:image:width\" content=\"1024\" \/>\n\t<meta property=\"og:image:height\" content=\"412\" \/>\n\t<meta property=\"og:image:type\" content=\"image\/png\" \/>\n<meta name=\"author\" content=\"Prensa Zorro Rojo\" \/>\n<meta name=\"twitter:card\" content=\"summary_large_image\" \/>\n<meta name=\"twitter:label1\" content=\"Escrit per\" \/>\n\t<meta name=\"twitter:data1\" content=\"Prensa Zorro Rojo\" \/>\n<script type=\"application\/ld+json\" class=\"yoast-schema-graph\">{\"@context\":\"https:\/\/schema.org\",\"@graph\":[{\"@type\":\"WebPage\",\"@id\":\"https:\/\/librosdelzorrorojo.com\/ca\/liberisliber-2020\/\",\"url\":\"https:\/\/librosdelzorrorojo.com\/ca\/liberisliber-2020\/\",\"name\":\"El 3 i 4 d'octubre Libros del Zorro Rojo tornem a Liberisliber - Libros del Zorro Rojo\",\"isPartOf\":{\"@id\":\"https:\/\/librosdelzorrorojo.com\/#website\"},\"primaryImageOfPage\":{\"@id\":\"https:\/\/librosdelzorrorojo.com\/ca\/liberisliber-2020\/#primaryimage\"},\"image\":{\"@id\":\"https:\/\/librosdelzorrorojo.com\/ca\/liberisliber-2020\/#primaryimage\"},\"thumbnailUrl\":\"https:\/\/librosdelzorrorojo.com\/wp-content\/uploads\/2020\/10\/Slide-Liberisliber.png\",\"datePublished\":\"2020-10-01T17:16:55+00:00\",\"dateModified\":\"2020-10-01T17:49:15+00:00\",\"author\":{\"@id\":\"https:\/\/librosdelzorrorojo.com\/#\/schema\/person\/bd0af7a2597b5d1af9d8c2dbe8fbf811\"},\"description\":\"Libros del Zorro Rojo tornem a Liberisliber, un festival que en la seva onzena edici\u00f3 ens segueix donant l'oportunitat de seguir descobrint autors, hist\u00f2ries i llibres art\u00edstics singulars en un indret m\u00e0gic: el poble medieval de Besal\u00fa.\",\"breadcrumb\":{\"@id\":\"https:\/\/librosdelzorrorojo.com\/ca\/liberisliber-2020\/#breadcrumb\"},\"inLanguage\":\"ca\",\"potentialAction\":[{\"@type\":\"ReadAction\",\"target\":[\"https:\/\/librosdelzorrorojo.com\/ca\/liberisliber-2020\/\"]}]},{\"@type\":\"ImageObject\",\"inLanguage\":\"ca\",\"@id\":\"https:\/\/librosdelzorrorojo.com\/ca\/liberisliber-2020\/#primaryimage\",\"url\":\"https:\/\/librosdelzorrorojo.com\/wp-content\/uploads\/2020\/10\/Slide-Liberisliber.png\",\"contentUrl\":\"https:\/\/librosdelzorrorojo.com\/wp-content\/uploads\/2020\/10\/Slide-Liberisliber.png\",\"width\":6394,\"height\":2573,\"caption\":\"Slide Liberisliber\"},{\"@type\":\"BreadcrumbList\",\"@id\":\"https:\/\/librosdelzorrorojo.com\/ca\/liberisliber-2020\/#breadcrumb\",\"itemListElement\":[{\"@type\":\"ListItem\",\"position\":1,\"name\":\"Portada\",\"item\":\"https:\/\/librosdelzorrorojo.com\/ca\/\"},{\"@type\":\"ListItem\",\"position\":2,\"name\":\"El 3 i 4 d&#8217;octubre Libros del Zorro Rojo tornem a Liberisliber\"}]},{\"@type\":\"WebSite\",\"@id\":\"https:\/\/librosdelzorrorojo.com\/#website\",\"url\":\"https:\/\/librosdelzorrorojo.com\/\",\"name\":\"Libros del Zorro Rojo\",\"description\":\"Libros ilustrados\",\"potentialAction\":[{\"@type\":\"SearchAction\",\"target\":{\"@type\":\"EntryPoint\",\"urlTemplate\":\"https:\/\/librosdelzorrorojo.com\/?s={search_term_string}\"},\"query-input\":{\"@type\":\"PropertyValueSpecification\",\"valueRequired\":true,\"valueName\":\"search_term_string\"}}],\"inLanguage\":\"ca\"},{\"@type\":\"Person\",\"@id\":\"https:\/\/librosdelzorrorojo.com\/#\/schema\/person\/bd0af7a2597b5d1af9d8c2dbe8fbf811\",\"name\":\"Prensa Zorro Rojo\",\"image\":{\"@type\":\"ImageObject\",\"inLanguage\":\"ca\",\"@id\":\"https:\/\/librosdelzorrorojo.com\/#\/schema\/person\/image\/\",\"url\":\"https:\/\/secure.gravatar.com\/avatar\/786edf7f4a8b899f441ef505c10164a4?s=96&d=mm&r=g\",\"contentUrl\":\"https:\/\/secure.gravatar.com\/avatar\/786edf7f4a8b899f441ef505c10164a4?s=96&d=mm&r=g\",\"caption\":\"Prensa Zorro Rojo\"}}]}<\/script>\n<!-- \/ Yoast SEO plugin. -->","yoast_head_json":{"title":"El 3 i 4 d'octubre Libros del Zorro Rojo tornem a Liberisliber - Libros del Zorro Rojo","description":"Libros del Zorro Rojo tornem a Liberisliber, un festival que en la seva onzena edici\u00f3 ens segueix donant l'oportunitat de seguir descobrint autors, hist\u00f2ries i llibres art\u00edstics singulars en un indret m\u00e0gic: el poble medieval de Besal\u00fa.","robots":{"index":"index","follow":"follow","max-snippet":"max-snippet:-1","max-image-preview":"max-image-preview:large","max-video-preview":"max-video-preview:-1"},"canonical":"https:\/\/librosdelzorrorojo.com\/ca\/liberisliber-2020\/","og_locale":"ca_ES","og_type":"article","og_title":"El 3 i 4 d'octubre Libros del Zorro Rojo tornem a Liberisliber - Libros del Zorro Rojo","og_description":"Libros del Zorro Rojo tornem a Liberisliber, un festival que en la seva onzena edici\u00f3 ens segueix donant l'oportunitat de seguir descobrint autors, hist\u00f2ries i llibres art\u00edstics singulars en un indret m\u00e0gic: el poble medieval de Besal\u00fa.","og_url":"https:\/\/librosdelzorrorojo.com\/ca\/liberisliber-2020\/","og_site_name":"Libros del Zorro Rojo","article_published_time":"2020-10-01T17:16:55+00:00","article_modified_time":"2020-10-01T17:49:15+00:00","og_image":[{"width":1024,"height":412,"url":"https:\/\/librosdelzorrorojo.com\/wp-content\/uploads\/2020\/10\/Slide-Liberisliber-1024x412.png","type":"image\/png"}],"author":"Prensa Zorro Rojo","twitter_card":"summary_large_image","twitter_misc":{"Escrit per":"Prensa Zorro Rojo"},"schema":{"@context":"https:\/\/schema.org","@graph":[{"@type":"WebPage","@id":"https:\/\/librosdelzorrorojo.com\/ca\/liberisliber-2020\/","url":"https:\/\/librosdelzorrorojo.com\/ca\/liberisliber-2020\/","name":"El 3 i 4 d'octubre Libros del Zorro Rojo tornem a Liberisliber - Libros del Zorro Rojo","isPartOf":{"@id":"https:\/\/librosdelzorrorojo.com\/#website"},"primaryImageOfPage":{"@id":"https:\/\/librosdelzorrorojo.com\/ca\/liberisliber-2020\/#primaryimage"},"image":{"@id":"https:\/\/librosdelzorrorojo.com\/ca\/liberisliber-2020\/#primaryimage"},"thumbnailUrl":"https:\/\/librosdelzorrorojo.com\/wp-content\/uploads\/2020\/10\/Slide-Liberisliber.png","datePublished":"2020-10-01T17:16:55+00:00","dateModified":"2020-10-01T17:49:15+00:00","author":{"@id":"https:\/\/librosdelzorrorojo.com\/#\/schema\/person\/bd0af7a2597b5d1af9d8c2dbe8fbf811"},"description":"Libros del Zorro Rojo tornem a Liberisliber, un festival que en la seva onzena edici\u00f3 ens segueix donant l'oportunitat de seguir descobrint autors, hist\u00f2ries i llibres art\u00edstics singulars en un indret m\u00e0gic: el poble medieval de Besal\u00fa.","breadcrumb":{"@id":"https:\/\/librosdelzorrorojo.com\/ca\/liberisliber-2020\/#breadcrumb"},"inLanguage":"ca","potentialAction":[{"@type":"ReadAction","target":["https:\/\/librosdelzorrorojo.com\/ca\/liberisliber-2020\/"]}]},{"@type":"ImageObject","inLanguage":"ca","@id":"https:\/\/librosdelzorrorojo.com\/ca\/liberisliber-2020\/#primaryimage","url":"https:\/\/librosdelzorrorojo.com\/wp-content\/uploads\/2020\/10\/Slide-Liberisliber.png","contentUrl":"https:\/\/librosdelzorrorojo.com\/wp-content\/uploads\/2020\/10\/Slide-Liberisliber.png","width":6394,"height":2573,"caption":"Slide Liberisliber"},{"@type":"BreadcrumbList","@id":"https:\/\/librosdelzorrorojo.com\/ca\/liberisliber-2020\/#breadcrumb","itemListElement":[{"@type":"ListItem","position":1,"name":"Portada","item":"https:\/\/librosdelzorrorojo.com\/ca\/"},{"@type":"ListItem","position":2,"name":"El 3 i 4 d&#8217;octubre Libros del Zorro Rojo tornem a Liberisliber"}]},{"@type":"WebSite","@id":"https:\/\/librosdelzorrorojo.com\/#website","url":"https:\/\/librosdelzorrorojo.com\/","name":"Libros del Zorro Rojo","description":"Libros ilustrados","potentialAction":[{"@type":"SearchAction","target":{"@type":"EntryPoint","urlTemplate":"https:\/\/librosdelzorrorojo.com\/?s={search_term_string}"},"query-input":{"@type":"PropertyValueSpecification","valueRequired":true,"valueName":"search_term_string"}}],"inLanguage":"ca"},{"@type":"Person","@id":"https:\/\/librosdelzorrorojo.com\/#\/schema\/person\/bd0af7a2597b5d1af9d8c2dbe8fbf811","name":"Prensa Zorro Rojo","image":{"@type":"ImageObject","inLanguage":"ca","@id":"https:\/\/librosdelzorrorojo.com\/#\/schema\/person\/image\/","url":"https:\/\/secure.gravatar.com\/avatar\/786edf7f4a8b899f441ef505c10164a4?s=96&d=mm&r=g","contentUrl":"https:\/\/secure.gravatar.com\/avatar\/786edf7f4a8b899f441ef505c10164a4?s=96&d=mm&r=g","caption":"Prensa Zorro Rojo"}}]}},"_links":{"self":[{"href":"https:\/\/librosdelzorrorojo.com\/ca\/wp-json\/wp\/v2\/posts\/18130","targetHints":{"allow":["GET"]}}],"collection":[{"href":"https:\/\/librosdelzorrorojo.com\/ca\/wp-json\/wp\/v2\/posts"}],"about":[{"href":"https:\/\/librosdelzorrorojo.com\/ca\/wp-json\/wp\/v2\/types\/post"}],"author":[{"embeddable":true,"href":"https:\/\/librosdelzorrorojo.com\/ca\/wp-json\/wp\/v2\/users\/4"}],"replies":[{"embeddable":true,"href":"https:\/\/librosdelzorrorojo.com\/ca\/wp-json\/wp\/v2\/comments?post=18130"}],"version-history":[{"count":6,"href":"https:\/\/librosdelzorrorojo.com\/ca\/wp-json\/wp\/v2\/posts\/18130\/revisions"}],"predecessor-version":[{"id":18136,"href":"https:\/\/librosdelzorrorojo.com\/ca\/wp-json\/wp\/v2\/posts\/18130\/revisions\/18136"}],"wp:featuredmedia":[{"embeddable":true,"href":"https:\/\/librosdelzorrorojo.com\/ca\/wp-json\/wp\/v2\/media\/18126"}],"wp:attachment":[{"href":"https:\/\/librosdelzorrorojo.com\/ca\/wp-json\/wp\/v2\/media?parent=18130"}],"wp:term":[{"taxonomy":"category","embeddable":true,"href":"https:\/\/librosdelzorrorojo.com\/ca\/wp-json\/wp\/v2\/categories?post=18130"},{"taxonomy":"post_tag","embeddable":true,"href":"https:\/\/librosdelzorrorojo.com\/ca\/wp-json\/wp\/v2\/tags?post=18130"}],"curies":[{"name":"wp","href":"https:\/\/api.w.org\/{rel}","templated":true}]}}