{"id":18039,"date":"2020-09-22T14:10:21","date_gmt":"2020-09-22T12:10:21","guid":{"rendered":"https:\/\/librosdelzorrorojo.com\/?p=18039"},"modified":"2020-09-22T15:11:59","modified_gmt":"2020-09-22T13:11:59","slug":"el-fil-invisible-de-la-natura-premi-atrapallibres","status":"publish","type":"post","link":"https:\/\/librosdelzorrorojo.com\/ca\/el-fil-invisible-de-la-natura-premi-atrapallibres\/","title":{"rendered":"\u201cEl fil invisible de la natura\u201d, guanyador del Premi de Literatura Infantil Atrapallibres"},"content":{"rendered":"<p><span lang=\"CA\">Ens fa molt feli\u00e7os anunciar-vos que <a href=\"https:\/\/librosdelzorrorojo.com\/ca\/cataleg\/el-fil-invisible-de-la-natura\/\"><b><i>El fil invisible de la natura<\/i><\/b><\/a>, de Gianumberto Accinelli i Serena Viola, tradu\u00eft per Helena Aguil\u00e0, ha estat guardonat amb el <b>15\u00e8 Premi de Literatura Infantil\u00a0Atrapallibres<\/b> en la Categoria 11-12 anys.<\/span><\/p>\n<p><span lang=\"CA\">El <b>Consell Catal\u00e0 del Llibre Infantil i Juvenil <\/b>ha seleccionat aquest \u00e0lbum de Libros del Zorro Rojo en una edici\u00f3 del premi prou at\u00edpica, ja que els gaireb\u00e9 11.000 joves lectors que constitueixen el jurat no han pogut fer la votaci\u00f3 dels llibres amb normalitat degut a les circumst\u00e0ncies sanit\u00e0ries i socials que vivim.<\/span><\/p>\n<p><b><span lang=\"CA\">Gianumberto Accinelli<\/span><\/b><span lang=\"CA\">, amb l\u2019ajuda d\u2019unes po\u00e8tiques i poc convencionals il\u00b7lustracions de <b>Serena Viola<\/b>, construeix un\u00a0 <\/span><span lang=\"CA\">text a mig cam\u00ed entre el conte i l\u2019assaig. Relaciona diversos fets\u00a0<\/span><span lang=\"CA\">ver\u00eddics i constatables a trav\u00e9s d\u2019un estil am\u00e8 que fa que la ci\u00e8ncia resulti comprensible i entretinguda tant per als joves lectors com per als adults.<\/span><\/p>\n<p><span lang=\"CA\"><a href=\"https:\/\/librosdelzorrorojo.com\/ca\/cataleg\/el-fil-invisible-de-la-natura\/\"><img fetchpriority=\"high\" decoding=\"async\" src=\"https:\/\/librosdelzorrorojo.com\/wp-content\/uploads\/2020\/09\/Cover_fill-invisible-de-la-natura-1-150x150.jpg\" alt=\"\" width=\"222\" height=\"300\" class=\"alignleft wp-image-18045\" srcset=\"https:\/\/librosdelzorrorojo.com\/wp-content\/uploads\/2020\/09\/Cover_fill-invisible-de-la-natura-1-444x600.jpg 444w, https:\/\/librosdelzorrorojo.com\/wp-content\/uploads\/2020\/09\/Cover_fill-invisible-de-la-natura-1-768x1039.jpg 768w, https:\/\/librosdelzorrorojo.com\/wp-content\/uploads\/2020\/09\/Cover_fill-invisible-de-la-natura-1-757x1024.jpg 757w, https:\/\/librosdelzorrorojo.com\/wp-content\/uploads\/2020\/09\/Cover_fill-invisible-de-la-natura-1-800x1082.jpg 800w\" sizes=\"(max-width: 222px) 100vw, 222px\" \/><\/a>A cada cap\u00edtol es despleguen hist\u00f2ries incre\u00efbles \u2014protagonitzades per granotes d\u2019or, gats caiguts del cel, aranyes astronautes i escarabats que s\u2019han guanyat una est\u00e0tua commemorativa\u2014, que destaquen la<b> import\u00e0ncia de l\u2019\u00e9sser hum\u00e0 en la conservaci\u00f3 de la natura<\/b> i que conviden, aix\u00ed, a la reflexi\u00f3 sobre la necessitat d\u2019evitar futures cat\u00e0strofes mediambientals.<\/span><\/p>\n<p><span lang=\"CA\">Aquest \u00e0lbum, que desenvolupa de manera clara i divertida algunes <b>mat\u00e8ries clau en l\u2019\u00e0mbit de l\u2019ecologia<\/b>, ens proposa que al medi natural no hi ha res independent, els \u00e9ssers vius estan units per un nombre infinit de fils invisibles, uns vincles que l\u2019\u00e9sser hum\u00e0 hauria de respectar.<\/span><\/p>\n","protected":false},"excerpt":{"rendered":"Ens fa molt feli\u00e7os anunciar-vos que El fil invisible de la natura, de Gianumberto Accinelli i Serena Viola, tradu\u00eft per Helena Aguil\u00e0, ha estat guardonat amb el 15\u00e8 Premi de Literatura Infantil\u00a0Atrapallibres en la Categoria 11-12 anys. El Consell Catal\u00e0 del Llibre Infantil i Juvenil ha seleccionat aquest \u00e0lbum de Libros del Zorro Rojo en [&hellip;]","protected":false},"author":4,"featured_media":18040,"comment_status":"closed","ping_status":"closed","sticky":false,"template":"","format":"standard","meta":{"_acf_changed":false,"footnotes":""},"categories":[36],"tags":[],"class_list":["post-18039","post","type-post","status-publish","format-standard","has-post-thumbnail","hentry","category-blog-cat"],"acf":[],"yoast_head":"<!-- This site is optimized with the Yoast SEO plugin v25.1 - https:\/\/yoast.com\/wordpress\/plugins\/seo\/ -->\n<title>\u201cEl fil invisible de la natura\u201d, guanyador del Premi de Literatura Infantil Atrapallibres - Libros del Zorro Rojo<\/title>\n<meta name=\"description\" content=\"&quot;El fil invisible de la natura&quot;, de Gianumberto\u00a0Accinelli i Serena Viola ha estat guardonat amb el 15\u00e8 Premi de Literatura Infantil\u00a0Atrapallibres.\" \/>\n<meta name=\"robots\" content=\"index, follow, max-snippet:-1, max-image-preview:large, max-video-preview:-1\" \/>\n<link rel=\"canonical\" href=\"https:\/\/librosdelzorrorojo.com\/ca\/el-fil-invisible-de-la-natura-premi-atrapallibres\/\" \/>\n<meta property=\"og:locale\" content=\"ca_ES\" \/>\n<meta property=\"og:type\" content=\"article\" \/>\n<meta property=\"og:title\" content=\"\u201cEl fil invisible de la natura\u201d, guanyador del Premi de Literatura Infantil Atrapallibres - Libros del Zorro Rojo\" \/>\n<meta property=\"og:description\" content=\"&quot;El fil invisible de la natura&quot;, de Gianumberto\u00a0Accinelli i Serena Viola ha estat guardonat amb el 15\u00e8 Premi de Literatura Infantil\u00a0Atrapallibres.\" \/>\n<meta property=\"og:url\" content=\"https:\/\/librosdelzorrorojo.com\/ca\/el-fil-invisible-de-la-natura-premi-atrapallibres\/\" \/>\n<meta property=\"og:site_name\" content=\"Libros del Zorro Rojo\" \/>\n<meta property=\"article:published_time\" content=\"2020-09-22T12:10:21+00:00\" \/>\n<meta property=\"article:modified_time\" content=\"2020-09-22T13:11:59+00:00\" \/>\n<meta property=\"og:image\" content=\"https:\/\/librosdelzorrorojo.com\/wp-content\/uploads\/2020\/09\/Slide_El-fil-invisble-de-la-natura_Premi-atrapallibres.png\" \/>\n\t<meta property=\"og:image:width\" content=\"1670\" \/>\n\t<meta property=\"og:image:height\" content=\"672\" \/>\n\t<meta property=\"og:image:type\" content=\"image\/png\" \/>\n<meta name=\"author\" content=\"Prensa Zorro Rojo\" \/>\n<meta name=\"twitter:card\" content=\"summary_large_image\" \/>\n<meta name=\"twitter:label1\" content=\"Escrit per\" \/>\n\t<meta name=\"twitter:data1\" content=\"Prensa Zorro Rojo\" \/>\n\t<meta name=\"twitter:label2\" content=\"Temps estimat de lectura\" \/>\n\t<meta name=\"twitter:data2\" content=\"1 minut\" \/>\n<script type=\"application\/ld+json\" class=\"yoast-schema-graph\">{\"@context\":\"https:\/\/schema.org\",\"@graph\":[{\"@type\":\"WebPage\",\"@id\":\"https:\/\/librosdelzorrorojo.com\/ca\/el-fil-invisible-de-la-natura-premi-atrapallibres\/\",\"url\":\"https:\/\/librosdelzorrorojo.com\/ca\/el-fil-invisible-de-la-natura-premi-atrapallibres\/\",\"name\":\"\u201cEl fil invisible de la natura\u201d, guanyador del Premi de Literatura Infantil Atrapallibres - Libros del Zorro Rojo\",\"isPartOf\":{\"@id\":\"https:\/\/librosdelzorrorojo.com\/#website\"},\"primaryImageOfPage\":{\"@id\":\"https:\/\/librosdelzorrorojo.com\/ca\/el-fil-invisible-de-la-natura-premi-atrapallibres\/#primaryimage\"},\"image\":{\"@id\":\"https:\/\/librosdelzorrorojo.com\/ca\/el-fil-invisible-de-la-natura-premi-atrapallibres\/#primaryimage\"},\"thumbnailUrl\":\"https:\/\/librosdelzorrorojo.com\/wp-content\/uploads\/2020\/09\/Slide_El-fil-invisble-de-la-natura_Premi-atrapallibres.png\",\"datePublished\":\"2020-09-22T12:10:21+00:00\",\"dateModified\":\"2020-09-22T13:11:59+00:00\",\"author\":{\"@id\":\"https:\/\/librosdelzorrorojo.com\/#\/schema\/person\/bd0af7a2597b5d1af9d8c2dbe8fbf811\"},\"description\":\"\\\"El fil invisible de la natura\\\", de Gianumberto\u00a0Accinelli i Serena Viola ha estat guardonat amb el 15\u00e8 Premi de Literatura Infantil\u00a0Atrapallibres.\",\"breadcrumb\":{\"@id\":\"https:\/\/librosdelzorrorojo.com\/ca\/el-fil-invisible-de-la-natura-premi-atrapallibres\/#breadcrumb\"},\"inLanguage\":\"ca\",\"potentialAction\":[{\"@type\":\"ReadAction\",\"target\":[\"https:\/\/librosdelzorrorojo.com\/ca\/el-fil-invisible-de-la-natura-premi-atrapallibres\/\"]}]},{\"@type\":\"ImageObject\",\"inLanguage\":\"ca\",\"@id\":\"https:\/\/librosdelzorrorojo.com\/ca\/el-fil-invisible-de-la-natura-premi-atrapallibres\/#primaryimage\",\"url\":\"https:\/\/librosdelzorrorojo.com\/wp-content\/uploads\/2020\/09\/Slide_El-fil-invisble-de-la-natura_Premi-atrapallibres.png\",\"contentUrl\":\"https:\/\/librosdelzorrorojo.com\/wp-content\/uploads\/2020\/09\/Slide_El-fil-invisble-de-la-natura_Premi-atrapallibres.png\",\"width\":1670,\"height\":672,\"caption\":\"Slide El fil invisble de la natura Premi atrapallibres\"},{\"@type\":\"BreadcrumbList\",\"@id\":\"https:\/\/librosdelzorrorojo.com\/ca\/el-fil-invisible-de-la-natura-premi-atrapallibres\/#breadcrumb\",\"itemListElement\":[{\"@type\":\"ListItem\",\"position\":1,\"name\":\"Portada\",\"item\":\"https:\/\/librosdelzorrorojo.com\/ca\/\"},{\"@type\":\"ListItem\",\"position\":2,\"name\":\"\u201cEl fil invisible de la natura\u201d, guanyador del Premi de Literatura Infantil Atrapallibres\"}]},{\"@type\":\"WebSite\",\"@id\":\"https:\/\/librosdelzorrorojo.com\/#website\",\"url\":\"https:\/\/librosdelzorrorojo.com\/\",\"name\":\"Libros del Zorro Rojo\",\"description\":\"Libros ilustrados\",\"potentialAction\":[{\"@type\":\"SearchAction\",\"target\":{\"@type\":\"EntryPoint\",\"urlTemplate\":\"https:\/\/librosdelzorrorojo.com\/?s={search_term_string}\"},\"query-input\":{\"@type\":\"PropertyValueSpecification\",\"valueRequired\":true,\"valueName\":\"search_term_string\"}}],\"inLanguage\":\"ca\"},{\"@type\":\"Person\",\"@id\":\"https:\/\/librosdelzorrorojo.com\/#\/schema\/person\/bd0af7a2597b5d1af9d8c2dbe8fbf811\",\"name\":\"Prensa Zorro Rojo\",\"image\":{\"@type\":\"ImageObject\",\"inLanguage\":\"ca\",\"@id\":\"https:\/\/librosdelzorrorojo.com\/#\/schema\/person\/image\/\",\"url\":\"https:\/\/secure.gravatar.com\/avatar\/786edf7f4a8b899f441ef505c10164a4?s=96&d=mm&r=g\",\"contentUrl\":\"https:\/\/secure.gravatar.com\/avatar\/786edf7f4a8b899f441ef505c10164a4?s=96&d=mm&r=g\",\"caption\":\"Prensa Zorro Rojo\"}}]}<\/script>\n<!-- \/ Yoast SEO plugin. -->","yoast_head_json":{"title":"\u201cEl fil invisible de la natura\u201d, guanyador del Premi de Literatura Infantil Atrapallibres - Libros del Zorro Rojo","description":"\"El fil invisible de la natura\", de Gianumberto\u00a0Accinelli i Serena Viola ha estat guardonat amb el 15\u00e8 Premi de Literatura Infantil\u00a0Atrapallibres.","robots":{"index":"index","follow":"follow","max-snippet":"max-snippet:-1","max-image-preview":"max-image-preview:large","max-video-preview":"max-video-preview:-1"},"canonical":"https:\/\/librosdelzorrorojo.com\/ca\/el-fil-invisible-de-la-natura-premi-atrapallibres\/","og_locale":"ca_ES","og_type":"article","og_title":"\u201cEl fil invisible de la natura\u201d, guanyador del Premi de Literatura Infantil Atrapallibres - Libros del Zorro Rojo","og_description":"\"El fil invisible de la natura\", de Gianumberto\u00a0Accinelli i Serena Viola ha estat guardonat amb el 15\u00e8 Premi de Literatura Infantil\u00a0Atrapallibres.","og_url":"https:\/\/librosdelzorrorojo.com\/ca\/el-fil-invisible-de-la-natura-premi-atrapallibres\/","og_site_name":"Libros del Zorro Rojo","article_published_time":"2020-09-22T12:10:21+00:00","article_modified_time":"2020-09-22T13:11:59+00:00","og_image":[{"width":1670,"height":672,"url":"https:\/\/librosdelzorrorojo.com\/wp-content\/uploads\/2020\/09\/Slide_El-fil-invisble-de-la-natura_Premi-atrapallibres.png","type":"image\/png"}],"author":"Prensa Zorro Rojo","twitter_card":"summary_large_image","twitter_misc":{"Escrit per":"Prensa Zorro Rojo","Temps estimat de lectura":"1 minut"},"schema":{"@context":"https:\/\/schema.org","@graph":[{"@type":"WebPage","@id":"https:\/\/librosdelzorrorojo.com\/ca\/el-fil-invisible-de-la-natura-premi-atrapallibres\/","url":"https:\/\/librosdelzorrorojo.com\/ca\/el-fil-invisible-de-la-natura-premi-atrapallibres\/","name":"\u201cEl fil invisible de la natura\u201d, guanyador del Premi de Literatura Infantil Atrapallibres - Libros del Zorro Rojo","isPartOf":{"@id":"https:\/\/librosdelzorrorojo.com\/#website"},"primaryImageOfPage":{"@id":"https:\/\/librosdelzorrorojo.com\/ca\/el-fil-invisible-de-la-natura-premi-atrapallibres\/#primaryimage"},"image":{"@id":"https:\/\/librosdelzorrorojo.com\/ca\/el-fil-invisible-de-la-natura-premi-atrapallibres\/#primaryimage"},"thumbnailUrl":"https:\/\/librosdelzorrorojo.com\/wp-content\/uploads\/2020\/09\/Slide_El-fil-invisble-de-la-natura_Premi-atrapallibres.png","datePublished":"2020-09-22T12:10:21+00:00","dateModified":"2020-09-22T13:11:59+00:00","author":{"@id":"https:\/\/librosdelzorrorojo.com\/#\/schema\/person\/bd0af7a2597b5d1af9d8c2dbe8fbf811"},"description":"\"El fil invisible de la natura\", de Gianumberto\u00a0Accinelli i Serena Viola ha estat guardonat amb el 15\u00e8 Premi de Literatura Infantil\u00a0Atrapallibres.","breadcrumb":{"@id":"https:\/\/librosdelzorrorojo.com\/ca\/el-fil-invisible-de-la-natura-premi-atrapallibres\/#breadcrumb"},"inLanguage":"ca","potentialAction":[{"@type":"ReadAction","target":["https:\/\/librosdelzorrorojo.com\/ca\/el-fil-invisible-de-la-natura-premi-atrapallibres\/"]}]},{"@type":"ImageObject","inLanguage":"ca","@id":"https:\/\/librosdelzorrorojo.com\/ca\/el-fil-invisible-de-la-natura-premi-atrapallibres\/#primaryimage","url":"https:\/\/librosdelzorrorojo.com\/wp-content\/uploads\/2020\/09\/Slide_El-fil-invisble-de-la-natura_Premi-atrapallibres.png","contentUrl":"https:\/\/librosdelzorrorojo.com\/wp-content\/uploads\/2020\/09\/Slide_El-fil-invisble-de-la-natura_Premi-atrapallibres.png","width":1670,"height":672,"caption":"Slide El fil invisble de la natura Premi atrapallibres"},{"@type":"BreadcrumbList","@id":"https:\/\/librosdelzorrorojo.com\/ca\/el-fil-invisible-de-la-natura-premi-atrapallibres\/#breadcrumb","itemListElement":[{"@type":"ListItem","position":1,"name":"Portada","item":"https:\/\/librosdelzorrorojo.com\/ca\/"},{"@type":"ListItem","position":2,"name":"\u201cEl fil invisible de la natura\u201d, guanyador del Premi de Literatura Infantil Atrapallibres"}]},{"@type":"WebSite","@id":"https:\/\/librosdelzorrorojo.com\/#website","url":"https:\/\/librosdelzorrorojo.com\/","name":"Libros del Zorro Rojo","description":"Libros ilustrados","potentialAction":[{"@type":"SearchAction","target":{"@type":"EntryPoint","urlTemplate":"https:\/\/librosdelzorrorojo.com\/?s={search_term_string}"},"query-input":{"@type":"PropertyValueSpecification","valueRequired":true,"valueName":"search_term_string"}}],"inLanguage":"ca"},{"@type":"Person","@id":"https:\/\/librosdelzorrorojo.com\/#\/schema\/person\/bd0af7a2597b5d1af9d8c2dbe8fbf811","name":"Prensa Zorro Rojo","image":{"@type":"ImageObject","inLanguage":"ca","@id":"https:\/\/librosdelzorrorojo.com\/#\/schema\/person\/image\/","url":"https:\/\/secure.gravatar.com\/avatar\/786edf7f4a8b899f441ef505c10164a4?s=96&d=mm&r=g","contentUrl":"https:\/\/secure.gravatar.com\/avatar\/786edf7f4a8b899f441ef505c10164a4?s=96&d=mm&r=g","caption":"Prensa Zorro Rojo"}}]}},"_links":{"self":[{"href":"https:\/\/librosdelzorrorojo.com\/ca\/wp-json\/wp\/v2\/posts\/18039","targetHints":{"allow":["GET"]}}],"collection":[{"href":"https:\/\/librosdelzorrorojo.com\/ca\/wp-json\/wp\/v2\/posts"}],"about":[{"href":"https:\/\/librosdelzorrorojo.com\/ca\/wp-json\/wp\/v2\/types\/post"}],"author":[{"embeddable":true,"href":"https:\/\/librosdelzorrorojo.com\/ca\/wp-json\/wp\/v2\/users\/4"}],"replies":[{"embeddable":true,"href":"https:\/\/librosdelzorrorojo.com\/ca\/wp-json\/wp\/v2\/comments?post=18039"}],"version-history":[{"count":10,"href":"https:\/\/librosdelzorrorojo.com\/ca\/wp-json\/wp\/v2\/posts\/18039\/revisions"}],"predecessor-version":[{"id":18058,"href":"https:\/\/librosdelzorrorojo.com\/ca\/wp-json\/wp\/v2\/posts\/18039\/revisions\/18058"}],"wp:featuredmedia":[{"embeddable":true,"href":"https:\/\/librosdelzorrorojo.com\/ca\/wp-json\/wp\/v2\/media\/18040"}],"wp:attachment":[{"href":"https:\/\/librosdelzorrorojo.com\/ca\/wp-json\/wp\/v2\/media?parent=18039"}],"wp:term":[{"taxonomy":"category","embeddable":true,"href":"https:\/\/librosdelzorrorojo.com\/ca\/wp-json\/wp\/v2\/categories?post=18039"},{"taxonomy":"post_tag","embeddable":true,"href":"https:\/\/librosdelzorrorojo.com\/ca\/wp-json\/wp\/v2\/tags?post=18039"}],"curies":[{"name":"wp","href":"https:\/\/api.w.org\/{rel}","templated":true}]}}