{"id":18018,"date":"2020-09-18T17:17:41","date_gmt":"2020-09-18T15:17:41","guid":{"rendered":"https:\/\/librosdelzorrorojo.com\/presentacion-virtual-del-libro-muneco-de-barro-de-emma-reyes-y-carme-sole-vendrell\/"},"modified":"2020-09-30T17:22:03","modified_gmt":"2020-09-30T15:22:03","slug":"presentacion-virtual-del-libro-muneco-de-barro-de-emma-reyes-y-carme-sole-vendrell","status":"publish","type":"post","link":"https:\/\/librosdelzorrorojo.com\/ca\/presentacion-virtual-del-libro-muneco-de-barro-de-emma-reyes-y-carme-sole-vendrell\/","title":{"rendered":"Presentaci\u00f3n virtual del libro \u201cMu\u00f1eco de barro\u201d, de Emma Reyes y Carme Sol\u00e9 Vendrell"},"content":{"rendered":"<p><span lang=\"ES-TRAD\">Les invitamos a la <strong>presentaci\u00f3n virtual<\/strong> del \u00e1lbum <span style=\"color: #ff0000;\"><a href=\"https:\/\/librosdelzorrorojo.com\/catalogo\/muneco-de-barro\/\" style=\"color: #ff0000;\"><strong><i>Mu\u00f1eco de barro<\/i><\/strong><\/a><\/span>, de la artista y autora colombiana <strong>Emma Reyes<\/strong> e ilustrado por <strong>Carme Sol\u00e9 Vendrell<\/strong>. En la conversaci\u00f3n participar\u00e1n Carme Sol\u00e9 Vendrell (ilustradora), Estrella Borrego (editora de Libros del Zorro Rojo) y Mar\u00eda Osorio (de la Asociaci\u00f3n Colombiana para el Libro Infantil y Juvenil). El encuentro, organizado por Casa Am\u00e8rica Catalunya y Libros del Zorro Rojo, ser\u00e1 transmitido <\/span>en vivo a trav\u00e9s de <span style=\"color: #ff0000;\"><a href=\"https:\/\/www.facebook.com\/CasaAmericaCatalunya\/posts\/3388151981250432\" style=\"color: #ff0000;\">Facebook Live<\/a><\/span>\u00a0y\u00a0del <span style=\"color: #ff0000;\"><a href=\"https:\/\/youtu.be\/vKoSWWJ_KXg\" style=\"color: #ff0000;\">canal de YouTube<\/a><\/span>\u00a0de Casa Am\u00e8rica Catalunya el pr\u00f3ximo <strong>30 de septiembre<\/strong> a las <strong>18:30<\/strong> (hora espa\u00f1ola).<span lang=\"ES-TRAD\"><\/span><\/p>\n<p><span lang=\"ES-TRAD\">E<span>l texto de\u00a0<\/span><em>Mu\u00f1eco de Barro<\/em><span>\u00a0proviene de\u00a0<\/span><em>Memoria por correspondencia<\/em><span>\u00a0(2012), un\u00a0<\/span><strong>volumen autobiogr\u00e1fico<\/strong><span>\u00a0que recoge veintitr\u00e9s cartas que, desde el exilio en Par\u00eds,\u00a0<\/span><strong>Emma Reyes<\/strong><span>\u00a0escribi\u00f3 a su amigo y confidente Germ\u00e1n Arciniegas a lo largo de varios a\u00f1os, y en las que cuenta los primeros recuerdos de su ni\u00f1ez. Este\u00a0<\/span><strong>cl\u00e1sico de la literatura del siglo XX<\/strong><span>, elegido Mejor Libro de Autor Colombiano de No Ficci\u00f3n en 2012, plantea temas fundamentales como son la recreaci\u00f3n inocente del mundo de los adultos y la alegr\u00eda en una edad temprana, incluso en condiciones de exclusi\u00f3n extremas<\/span>.<\/span><\/p>\n<p><span>Aunque la historia que descubrimos en\u00a0<\/span><em>Mu\u00f1eco de barro<\/em><span>\u00a0revela uno de los episodios vitales m\u00e1s lejanos de la artista \u00ad\u2013cuando era una ni\u00f1a hu\u00e9rfana que viv\u00eda en medio de\u00a0<\/span><strong>la miseria en la Bogot\u00e1 de los a\u00f1os veinte<\/strong><span>\u2013, Reyes construye un relato con pinceladas de brillante lucidez y palabras que trasmiten la frescura y la ingenuidad del juego infantil.<\/span><\/p>\n<p><span>El trabajo de ilustraci\u00f3n de\u00a0<\/span><strong>Carme Sol\u00e9 Vendrell<span>\u00a0<\/span><\/strong><span>es sublime y conmovedor, capaz de envolver al lector en una atm\u00f3sfera de dura realidad, pero tambi\u00e9n de ternura. El trazo espont\u00e1neo y la riqueza t\u00e9cnica realzan la expresividad de ese personaje colectivo que tan bien retrata su pintura:\u00a0<\/span><strong>la infancia m\u00e1s vulnerable<\/strong><span>.<\/span><\/p>\n\n\t\t<style type=\"text\/css\">\n\t\t\t#gallery-1 {\n\t\t\t\tmargin: auto;\n\t\t\t}\n\t\t\t#gallery-1 .gallery-item {\n\t\t\t\tfloat: left;\n\t\t\t\tmargin-top: 10px;\n\t\t\t\ttext-align: center;\n\t\t\t\twidth: 100%;\n\t\t\t}\n\t\t\t#gallery-1 img {\n\t\t\t\tborder: 2px solid #cfcfcf;\n\t\t\t}\n\t\t\t#gallery-1 .gallery-caption {\n\t\t\t\tmargin-left: 0;\n\t\t\t}\n\t\t\t\/* see gallery_shortcode() in wp-includes\/media.php *\/\n\t\t<\/style>\n\t\t<div id='gallery-1' class='gallery galleryid-18018 gallery-columns-1 gallery-size-large'><dl class='gallery-item'>\n\t\t\t<dt class='gallery-icon landscape'>\n\t\t\t\t<a title=\"SLIDE mun\u0303eco de barro\"  href='https:\/\/librosdelzorrorojo.com\/ca\/slide_mun%cc%83eco-de-barro-3-2\/'><img fetchpriority=\"high\" decoding=\"async\" width=\"960\" height=\"386\" src=\"https:\/\/librosdelzorrorojo.com\/wp-content\/uploads\/2020\/09\/SLIDE_mun\u0303eco-de-barro.jpg\" class=\"attachment-large size-large\" alt=\"SLIDE mun\u0303eco de barro\" aria-describedby=\"gallery-1-18004\" srcset=\"https:\/\/librosdelzorrorojo.com\/wp-content\/uploads\/2020\/09\/SLIDE_mun\u0303eco-de-barro.jpg 994w, https:\/\/librosdelzorrorojo.com\/wp-content\/uploads\/2020\/09\/SLIDE_mun\u0303eco-de-barro-600x241.jpg 600w, https:\/\/librosdelzorrorojo.com\/wp-content\/uploads\/2020\/09\/SLIDE_mun\u0303eco-de-barro-768x309.jpg 768w, https:\/\/librosdelzorrorojo.com\/wp-content\/uploads\/2020\/09\/SLIDE_mun\u0303eco-de-barro-800x322.jpg 800w\" sizes=\"(max-width: 960px) 100vw, 960px\" \/><\/a>\n\t\t\t<\/dt>\n\t\t\t\t<dd class='wp-caption-text gallery-caption' id='gallery-1-18004'>\n\t\t\t\tSLIDE mun\u0303eco de barro\n\t\t\t\t<\/dd><\/dl><br style=\"clear: both\" \/>\n\t\t<\/div>\n\n<p><b><span lang=\"ES-TRAD\">Emma Reyes<\/span><\/b><\/p>\n<p><span lang=\"ES-TRAD\">Naci\u00f3 en Bogot\u00e1 en 1919. Artista colombiana que destac\u00f3 como pintora y dibujante. Hu\u00e9rfana y pobre, aprendi\u00f3 a leer y escribir cuando ya era adulta. En 1960 gan\u00f3 una beca cultural que le permiti\u00f3 instalarse en Par\u00eds, ciudad donde se form\u00f3. Trabaj\u00f3 en el estudio de Diego Rivera, en M\u00e9xico, y posteriormente en Italia. Entre 1969 y 1997 escribi\u00f3 una serie de cartas a Germ\u00e1n Arciniegas, que conforman su libro<i> Memoria por correspondencia<\/i>, publicado en 2012 por Laguna Libros y en 2016 por Libros del Asteroide. Fue Gabriel Garc\u00eda M\u00e1rquez quien destac\u00f3 la belleza literaria de su prosa y quien la convenci\u00f3 para que siguiera escribiendo. Falleci\u00f3 en Burdeos en 2003.<\/span><\/p>\n<p><b><span lang=\"ES-TRAD\">Carme Sol\u00e9 Vendrell<\/span><\/b><\/p>\n<p><span lang=\"ES-TRAD\">Naci\u00f3 en Barcelona en 1944. Con m\u00e1s de cincuenta a\u00f1os de trayectoria profesional, es una de las ilustradoras de literatura infantil de mayor reconocimiento internacional, con m\u00e1s de ochocientos libros publicados, algunos de ellos con sus propios textos. Ha sido distinguida con numerosos premios, entre ellos el Premio Nacional de Ilustraci\u00f3n en 1979 y la Creu de Sant Jordi en 2006. Desde 1992 compagina la ilustraci\u00f3n con la pintura, el cartelismo y la animaci\u00f3n, adem\u00e1s de la escenograf\u00eda y la direcci\u00f3n de teatro. En 2018 puso en marcha su campa\u00f1a <i>Why?<\/i> (\u00ab\u00bfPor qu\u00e9?\u00bb) en defensa de los derechos de los ni\u00f1os.<\/span><\/p>\n","protected":false},"excerpt":{"rendered":"Les invitamos a la presentaci\u00f3n virtual del \u00e1lbum Mu\u00f1eco de barro, de la artista y autora colombiana Emma Reyes e ilustrado por Carme Sol\u00e9 Vendrell. En la conversaci\u00f3n participar\u00e1n Carme Sol\u00e9 Vendrell (ilustradora), Estrella Borrego (editora de Libros del Zorro Rojo) y Mar\u00eda Osorio (de la Asociaci\u00f3n Colombiana para el Libro Infantil y Juvenil). El [&hellip;]","protected":false},"author":4,"featured_media":17990,"comment_status":"closed","ping_status":"closed","sticky":false,"template":"","format":"standard","meta":{"_acf_changed":false,"footnotes":""},"categories":[2451],"tags":[],"class_list":["post-18018","post","type-post","status-publish","format-standard","has-post-thumbnail","hentry","category-agenda-ca"],"acf":[],"yoast_head":"<!-- This site is optimized with the Yoast SEO plugin v25.1 - https:\/\/yoast.com\/wordpress\/plugins\/seo\/ -->\n<title>Presentaci\u00f3n virtual del libro \u201cMu\u00f1eco de barro\u201d, de Emma Reyes y Carme Sol\u00e9 Vendrell - Libros del Zorro Rojo<\/title>\n<meta name=\"description\" content=\"Les invitamos a la presentaci\u00f3n virtual del \u00e1lbum &quot;Mu\u00f1eco de barro&quot;, de la artista y autora colombiana Emma Reyes e ilustrado por Carme Sol\u00e9 Vendrell. El encuentro, organizado por Casa Am\u00e8rica Catalunya y Libros del Zorro Rojo, ser\u00e1 transmitido en vivo el pr\u00f3ximo 30 de septiembre a las 18:30 (hora espa\u00f1ola).\" \/>\n<meta name=\"robots\" content=\"index, follow, max-snippet:-1, max-image-preview:large, max-video-preview:-1\" \/>\n<link rel=\"canonical\" href=\"https:\/\/librosdelzorrorojo.com\/ca\/presentacion-virtual-del-libro-muneco-de-barro-de-emma-reyes-y-carme-sole-vendrell\/\" \/>\n<meta property=\"og:locale\" content=\"ca_ES\" \/>\n<meta property=\"og:type\" content=\"article\" \/>\n<meta property=\"og:title\" content=\"Presentaci\u00f3n virtual del libro \u201cMu\u00f1eco de barro\u201d, de Emma Reyes y Carme Sol\u00e9 Vendrell - Libros del Zorro Rojo\" \/>\n<meta property=\"og:description\" content=\"Les invitamos a la presentaci\u00f3n virtual del \u00e1lbum &quot;Mu\u00f1eco de barro&quot;, de la artista y autora colombiana Emma Reyes e ilustrado por Carme Sol\u00e9 Vendrell. El encuentro, organizado por Casa Am\u00e8rica Catalunya y Libros del Zorro Rojo, ser\u00e1 transmitido en vivo el pr\u00f3ximo 30 de septiembre a las 18:30 (hora espa\u00f1ola).\" \/>\n<meta property=\"og:url\" content=\"https:\/\/librosdelzorrorojo.com\/ca\/presentacion-virtual-del-libro-muneco-de-barro-de-emma-reyes-y-carme-sole-vendrell\/\" \/>\n<meta property=\"og:site_name\" content=\"Libros del Zorro Rojo\" \/>\n<meta property=\"article:published_time\" content=\"2020-09-18T15:17:41+00:00\" \/>\n<meta property=\"article:modified_time\" content=\"2020-09-30T15:22:03+00:00\" \/>\n<meta property=\"og:image\" content=\"https:\/\/librosdelzorrorojo.com\/wp-content\/uploads\/2020\/09\/Slide-MDB_2.png\" \/>\n\t<meta property=\"og:image:width\" content=\"994\" \/>\n\t<meta property=\"og:image:height\" content=\"400\" \/>\n\t<meta property=\"og:image:type\" content=\"image\/png\" \/>\n<meta name=\"author\" content=\"Prensa Zorro Rojo\" \/>\n<meta name=\"twitter:card\" content=\"summary_large_image\" \/>\n<meta name=\"twitter:label1\" content=\"Escrit per\" \/>\n\t<meta name=\"twitter:data1\" content=\"Prensa Zorro Rojo\" \/>\n\t<meta name=\"twitter:label2\" content=\"Temps estimat de lectura\" \/>\n\t<meta name=\"twitter:data2\" content=\"3 minuts\" \/>\n<script type=\"application\/ld+json\" class=\"yoast-schema-graph\">{\"@context\":\"https:\/\/schema.org\",\"@graph\":[{\"@type\":\"WebPage\",\"@id\":\"https:\/\/librosdelzorrorojo.com\/ca\/presentacion-virtual-del-libro-muneco-de-barro-de-emma-reyes-y-carme-sole-vendrell\/\",\"url\":\"https:\/\/librosdelzorrorojo.com\/ca\/presentacion-virtual-del-libro-muneco-de-barro-de-emma-reyes-y-carme-sole-vendrell\/\",\"name\":\"Presentaci\u00f3n virtual del libro \u201cMu\u00f1eco de barro\u201d, de Emma Reyes y Carme Sol\u00e9 Vendrell - Libros del Zorro Rojo\",\"isPartOf\":{\"@id\":\"https:\/\/librosdelzorrorojo.com\/#website\"},\"primaryImageOfPage\":{\"@id\":\"https:\/\/librosdelzorrorojo.com\/ca\/presentacion-virtual-del-libro-muneco-de-barro-de-emma-reyes-y-carme-sole-vendrell\/#primaryimage\"},\"image\":{\"@id\":\"https:\/\/librosdelzorrorojo.com\/ca\/presentacion-virtual-del-libro-muneco-de-barro-de-emma-reyes-y-carme-sole-vendrell\/#primaryimage\"},\"thumbnailUrl\":\"https:\/\/librosdelzorrorojo.com\/wp-content\/uploads\/2020\/09\/Slide-MDB_2.png\",\"datePublished\":\"2020-09-18T15:17:41+00:00\",\"dateModified\":\"2020-09-30T15:22:03+00:00\",\"author\":{\"@id\":\"https:\/\/librosdelzorrorojo.com\/#\/schema\/person\/bd0af7a2597b5d1af9d8c2dbe8fbf811\"},\"description\":\"Les invitamos a la presentaci\u00f3n virtual del \u00e1lbum \\\"Mu\u00f1eco de barro\\\", de la artista y autora colombiana Emma Reyes e ilustrado por Carme Sol\u00e9 Vendrell. El encuentro, organizado por Casa Am\u00e8rica Catalunya y Libros del Zorro Rojo, ser\u00e1 transmitido en vivo el pr\u00f3ximo 30 de septiembre a las 18:30 (hora espa\u00f1ola).\",\"breadcrumb\":{\"@id\":\"https:\/\/librosdelzorrorojo.com\/ca\/presentacion-virtual-del-libro-muneco-de-barro-de-emma-reyes-y-carme-sole-vendrell\/#breadcrumb\"},\"inLanguage\":\"ca\",\"potentialAction\":[{\"@type\":\"ReadAction\",\"target\":[\"https:\/\/librosdelzorrorojo.com\/ca\/presentacion-virtual-del-libro-muneco-de-barro-de-emma-reyes-y-carme-sole-vendrell\/\"]}]},{\"@type\":\"ImageObject\",\"inLanguage\":\"ca\",\"@id\":\"https:\/\/librosdelzorrorojo.com\/ca\/presentacion-virtual-del-libro-muneco-de-barro-de-emma-reyes-y-carme-sole-vendrell\/#primaryimage\",\"url\":\"https:\/\/librosdelzorrorojo.com\/wp-content\/uploads\/2020\/09\/Slide-MDB_2.png\",\"contentUrl\":\"https:\/\/librosdelzorrorojo.com\/wp-content\/uploads\/2020\/09\/Slide-MDB_2.png\",\"width\":994,\"height\":400,\"caption\":\"Slide MDB 2\"},{\"@type\":\"BreadcrumbList\",\"@id\":\"https:\/\/librosdelzorrorojo.com\/ca\/presentacion-virtual-del-libro-muneco-de-barro-de-emma-reyes-y-carme-sole-vendrell\/#breadcrumb\",\"itemListElement\":[{\"@type\":\"ListItem\",\"position\":1,\"name\":\"Portada\",\"item\":\"https:\/\/librosdelzorrorojo.com\/ca\/\"},{\"@type\":\"ListItem\",\"position\":2,\"name\":\"Presentaci\u00f3n virtual del libro \u201cMu\u00f1eco de barro\u201d, de Emma Reyes y Carme Sol\u00e9 Vendrell\"}]},{\"@type\":\"WebSite\",\"@id\":\"https:\/\/librosdelzorrorojo.com\/#website\",\"url\":\"https:\/\/librosdelzorrorojo.com\/\",\"name\":\"Libros del Zorro Rojo\",\"description\":\"Libros ilustrados\",\"potentialAction\":[{\"@type\":\"SearchAction\",\"target\":{\"@type\":\"EntryPoint\",\"urlTemplate\":\"https:\/\/librosdelzorrorojo.com\/?s={search_term_string}\"},\"query-input\":{\"@type\":\"PropertyValueSpecification\",\"valueRequired\":true,\"valueName\":\"search_term_string\"}}],\"inLanguage\":\"ca\"},{\"@type\":\"Person\",\"@id\":\"https:\/\/librosdelzorrorojo.com\/#\/schema\/person\/bd0af7a2597b5d1af9d8c2dbe8fbf811\",\"name\":\"Prensa Zorro Rojo\",\"image\":{\"@type\":\"ImageObject\",\"inLanguage\":\"ca\",\"@id\":\"https:\/\/librosdelzorrorojo.com\/#\/schema\/person\/image\/\",\"url\":\"https:\/\/secure.gravatar.com\/avatar\/786edf7f4a8b899f441ef505c10164a4?s=96&d=mm&r=g\",\"contentUrl\":\"https:\/\/secure.gravatar.com\/avatar\/786edf7f4a8b899f441ef505c10164a4?s=96&d=mm&r=g\",\"caption\":\"Prensa Zorro Rojo\"}}]}<\/script>\n<!-- \/ Yoast SEO plugin. -->","yoast_head_json":{"title":"Presentaci\u00f3n virtual del libro \u201cMu\u00f1eco de barro\u201d, de Emma Reyes y Carme Sol\u00e9 Vendrell - Libros del Zorro Rojo","description":"Les invitamos a la presentaci\u00f3n virtual del \u00e1lbum \"Mu\u00f1eco de barro\", de la artista y autora colombiana Emma Reyes e ilustrado por Carme Sol\u00e9 Vendrell. El encuentro, organizado por Casa Am\u00e8rica Catalunya y Libros del Zorro Rojo, ser\u00e1 transmitido en vivo el pr\u00f3ximo 30 de septiembre a las 18:30 (hora espa\u00f1ola).","robots":{"index":"index","follow":"follow","max-snippet":"max-snippet:-1","max-image-preview":"max-image-preview:large","max-video-preview":"max-video-preview:-1"},"canonical":"https:\/\/librosdelzorrorojo.com\/ca\/presentacion-virtual-del-libro-muneco-de-barro-de-emma-reyes-y-carme-sole-vendrell\/","og_locale":"ca_ES","og_type":"article","og_title":"Presentaci\u00f3n virtual del libro \u201cMu\u00f1eco de barro\u201d, de Emma Reyes y Carme Sol\u00e9 Vendrell - Libros del Zorro Rojo","og_description":"Les invitamos a la presentaci\u00f3n virtual del \u00e1lbum \"Mu\u00f1eco de barro\", de la artista y autora colombiana Emma Reyes e ilustrado por Carme Sol\u00e9 Vendrell. El encuentro, organizado por Casa Am\u00e8rica Catalunya y Libros del Zorro Rojo, ser\u00e1 transmitido en vivo el pr\u00f3ximo 30 de septiembre a las 18:30 (hora espa\u00f1ola).","og_url":"https:\/\/librosdelzorrorojo.com\/ca\/presentacion-virtual-del-libro-muneco-de-barro-de-emma-reyes-y-carme-sole-vendrell\/","og_site_name":"Libros del Zorro Rojo","article_published_time":"2020-09-18T15:17:41+00:00","article_modified_time":"2020-09-30T15:22:03+00:00","og_image":[{"width":994,"height":400,"url":"https:\/\/librosdelzorrorojo.com\/wp-content\/uploads\/2020\/09\/Slide-MDB_2.png","type":"image\/png"}],"author":"Prensa Zorro Rojo","twitter_card":"summary_large_image","twitter_misc":{"Escrit per":"Prensa Zorro Rojo","Temps estimat de lectura":"3 minuts"},"schema":{"@context":"https:\/\/schema.org","@graph":[{"@type":"WebPage","@id":"https:\/\/librosdelzorrorojo.com\/ca\/presentacion-virtual-del-libro-muneco-de-barro-de-emma-reyes-y-carme-sole-vendrell\/","url":"https:\/\/librosdelzorrorojo.com\/ca\/presentacion-virtual-del-libro-muneco-de-barro-de-emma-reyes-y-carme-sole-vendrell\/","name":"Presentaci\u00f3n virtual del libro \u201cMu\u00f1eco de barro\u201d, de Emma Reyes y Carme Sol\u00e9 Vendrell - Libros del Zorro Rojo","isPartOf":{"@id":"https:\/\/librosdelzorrorojo.com\/#website"},"primaryImageOfPage":{"@id":"https:\/\/librosdelzorrorojo.com\/ca\/presentacion-virtual-del-libro-muneco-de-barro-de-emma-reyes-y-carme-sole-vendrell\/#primaryimage"},"image":{"@id":"https:\/\/librosdelzorrorojo.com\/ca\/presentacion-virtual-del-libro-muneco-de-barro-de-emma-reyes-y-carme-sole-vendrell\/#primaryimage"},"thumbnailUrl":"https:\/\/librosdelzorrorojo.com\/wp-content\/uploads\/2020\/09\/Slide-MDB_2.png","datePublished":"2020-09-18T15:17:41+00:00","dateModified":"2020-09-30T15:22:03+00:00","author":{"@id":"https:\/\/librosdelzorrorojo.com\/#\/schema\/person\/bd0af7a2597b5d1af9d8c2dbe8fbf811"},"description":"Les invitamos a la presentaci\u00f3n virtual del \u00e1lbum \"Mu\u00f1eco de barro\", de la artista y autora colombiana Emma Reyes e ilustrado por Carme Sol\u00e9 Vendrell. El encuentro, organizado por Casa Am\u00e8rica Catalunya y Libros del Zorro Rojo, ser\u00e1 transmitido en vivo el pr\u00f3ximo 30 de septiembre a las 18:30 (hora espa\u00f1ola).","breadcrumb":{"@id":"https:\/\/librosdelzorrorojo.com\/ca\/presentacion-virtual-del-libro-muneco-de-barro-de-emma-reyes-y-carme-sole-vendrell\/#breadcrumb"},"inLanguage":"ca","potentialAction":[{"@type":"ReadAction","target":["https:\/\/librosdelzorrorojo.com\/ca\/presentacion-virtual-del-libro-muneco-de-barro-de-emma-reyes-y-carme-sole-vendrell\/"]}]},{"@type":"ImageObject","inLanguage":"ca","@id":"https:\/\/librosdelzorrorojo.com\/ca\/presentacion-virtual-del-libro-muneco-de-barro-de-emma-reyes-y-carme-sole-vendrell\/#primaryimage","url":"https:\/\/librosdelzorrorojo.com\/wp-content\/uploads\/2020\/09\/Slide-MDB_2.png","contentUrl":"https:\/\/librosdelzorrorojo.com\/wp-content\/uploads\/2020\/09\/Slide-MDB_2.png","width":994,"height":400,"caption":"Slide MDB 2"},{"@type":"BreadcrumbList","@id":"https:\/\/librosdelzorrorojo.com\/ca\/presentacion-virtual-del-libro-muneco-de-barro-de-emma-reyes-y-carme-sole-vendrell\/#breadcrumb","itemListElement":[{"@type":"ListItem","position":1,"name":"Portada","item":"https:\/\/librosdelzorrorojo.com\/ca\/"},{"@type":"ListItem","position":2,"name":"Presentaci\u00f3n virtual del libro \u201cMu\u00f1eco de barro\u201d, de Emma Reyes y Carme Sol\u00e9 Vendrell"}]},{"@type":"WebSite","@id":"https:\/\/librosdelzorrorojo.com\/#website","url":"https:\/\/librosdelzorrorojo.com\/","name":"Libros del Zorro Rojo","description":"Libros ilustrados","potentialAction":[{"@type":"SearchAction","target":{"@type":"EntryPoint","urlTemplate":"https:\/\/librosdelzorrorojo.com\/?s={search_term_string}"},"query-input":{"@type":"PropertyValueSpecification","valueRequired":true,"valueName":"search_term_string"}}],"inLanguage":"ca"},{"@type":"Person","@id":"https:\/\/librosdelzorrorojo.com\/#\/schema\/person\/bd0af7a2597b5d1af9d8c2dbe8fbf811","name":"Prensa Zorro Rojo","image":{"@type":"ImageObject","inLanguage":"ca","@id":"https:\/\/librosdelzorrorojo.com\/#\/schema\/person\/image\/","url":"https:\/\/secure.gravatar.com\/avatar\/786edf7f4a8b899f441ef505c10164a4?s=96&d=mm&r=g","contentUrl":"https:\/\/secure.gravatar.com\/avatar\/786edf7f4a8b899f441ef505c10164a4?s=96&d=mm&r=g","caption":"Prensa Zorro Rojo"}}]}},"_links":{"self":[{"href":"https:\/\/librosdelzorrorojo.com\/ca\/wp-json\/wp\/v2\/posts\/18018","targetHints":{"allow":["GET"]}}],"collection":[{"href":"https:\/\/librosdelzorrorojo.com\/ca\/wp-json\/wp\/v2\/posts"}],"about":[{"href":"https:\/\/librosdelzorrorojo.com\/ca\/wp-json\/wp\/v2\/types\/post"}],"author":[{"embeddable":true,"href":"https:\/\/librosdelzorrorojo.com\/ca\/wp-json\/wp\/v2\/users\/4"}],"replies":[{"embeddable":true,"href":"https:\/\/librosdelzorrorojo.com\/ca\/wp-json\/wp\/v2\/comments?post=18018"}],"version-history":[{"count":5,"href":"https:\/\/librosdelzorrorojo.com\/ca\/wp-json\/wp\/v2\/posts\/18018\/revisions"}],"predecessor-version":[{"id":18095,"href":"https:\/\/librosdelzorrorojo.com\/ca\/wp-json\/wp\/v2\/posts\/18018\/revisions\/18095"}],"wp:featuredmedia":[{"embeddable":true,"href":"https:\/\/librosdelzorrorojo.com\/ca\/wp-json\/wp\/v2\/media\/17990"}],"wp:attachment":[{"href":"https:\/\/librosdelzorrorojo.com\/ca\/wp-json\/wp\/v2\/media?parent=18018"}],"wp:term":[{"taxonomy":"category","embeddable":true,"href":"https:\/\/librosdelzorrorojo.com\/ca\/wp-json\/wp\/v2\/categories?post=18018"},{"taxonomy":"post_tag","embeddable":true,"href":"https:\/\/librosdelzorrorojo.com\/ca\/wp-json\/wp\/v2\/tags?post=18018"}],"curies":[{"name":"wp","href":"https:\/\/api.w.org\/{rel}","templated":true}]}}