{"id":17880,"date":"2020-09-09T13:39:52","date_gmt":"2020-09-09T11:39:52","guid":{"rendered":"https:\/\/librosdelzorrorojo.com\/?p=17880"},"modified":"2020-09-10T10:52:51","modified_gmt":"2020-09-10T08:52:51","slug":"libros-del-zorro-rojo-a-la-setmana-del-llibre-en-catala-2020","status":"publish","type":"post","link":"https:\/\/librosdelzorrorojo.com\/ca\/libros-del-zorro-rojo-a-la-setmana-del-llibre-en-catala-2020\/","title":{"rendered":"Libros del Zorro Rojo a la Setmana del Llibre en Catal\u00e0 2020"},"content":{"rendered":"<p dir=\"ltr\"><span style=\"font-weight: 400;\">El curs comen\u00e7a amb una cita important per al m\u00f3n del llibre i de la literatura infantil i juvenil: <strong>La Setmana del Llibre en Catal\u00e0<\/strong>, que se celebra del 9 al 13 setembre al Moll de la Fusta (Barcelona).<\/span><\/p>\n<p dir=\"ltr\"><span style=\"font-weight: 400;\"><strong>Libros del Zorro Rojo<\/strong> us esperem a la <strong>parada de Casa Anita Llibres<\/strong> (M\u00f2dul 35-36) per compartir amb vosaltres les nostres novetats. Aprofiteu per emocionar-vos amb <\/span><i><span style=\"font-weight: 400;\">Perdut a la ciutat<\/span><\/i><span style=\"font-weight: 400;\">, descobrir les meravelles de la natura amb <\/span><i><span style=\"font-weight: 400;\">Al prat <\/span><\/i><span style=\"font-weight: 400;\">o mirar el m\u00f3n des de diverses perspectives amb <\/span><i><span style=\"font-weight: 400;\">Ets important<\/span><\/i><span style=\"font-weight: 400;\">.<\/span><\/p>\n<p dir=\"ltr\"><span style=\"font-weight: 400;\">La Setmana del Llibre en Catal\u00e0 \u00e9s una <strong>fira<\/strong> que permet recon\u00e8ixer la tasca de les <strong>editorials<\/strong> que editen en catal\u00e0 i de les <strong>llibreries<\/strong> que ofereixen a tothom les seves publicacions. Es tracta d&#8217;un espai de contacte directe entre llibreters, editors i lectors, aix\u00ed com una oportunitat per fer-se amb noves troballes, recuperar antics fons editorials i alhora gaudir d&#8217;una proposta d&#8217;activitats d&#8217;all\u00f2 m\u00e9s diversa.<\/span><\/p>\n<p dir=\"ltr\"><span style=\"font-weight: 400;\">Per a m\u00e9s informaci\u00f3 no dubteu a visitar la p\u00e0gina web de <a href=\"https:\/\/www.lasetmana.cat\/\"><span style=\"color: #ff0000;\">La Setmana<\/span><\/a>.<\/span><\/p>\n","protected":false},"excerpt":{"rendered":"El curs comen\u00e7a amb una cita important per al m\u00f3n del llibre i de la literatura infantil i juvenil: La Setmana del Llibre en Catal\u00e0, que se celebra del 9 al 13 setembre al Moll de la Fusta (Barcelona). Libros del Zorro Rojo us esperem a la parada de Casa Anita Llibres (M\u00f2dul 35-36) per [&hellip;]","protected":false},"author":4,"featured_media":17887,"comment_status":"closed","ping_status":"closed","sticky":false,"template":"","format":"standard","meta":{"_acf_changed":false,"footnotes":""},"categories":[2451],"tags":[],"class_list":["post-17880","post","type-post","status-publish","format-standard","has-post-thumbnail","hentry","category-agenda-ca"],"acf":[],"yoast_head":"<!-- This site is optimized with the Yoast SEO plugin v25.1 - https:\/\/yoast.com\/wordpress\/plugins\/seo\/ -->\n<title>Libros del Zorro Rojo a la Setmana del Llibre en Catal\u00e0 2020 - Libros del Zorro Rojo<\/title>\n<meta name=\"description\" content=\"El curs comen\u00e7a amb una cita important per al m\u00f3n del llibre i de la literatura infantil i juvenil: La Setmana del Llibre en Catal\u00e0, que se celebra del 9 al 13 setembre al Moll de la Fusta (Barcelona). Libros del Zorro Rojo us esperem a la parada de Casa Anita Llibres (M\u00f2dul 35-36) per compartir amb vosaltres les nostres novetats.\" \/>\n<meta name=\"robots\" content=\"index, follow, max-snippet:-1, max-image-preview:large, max-video-preview:-1\" \/>\n<link rel=\"canonical\" href=\"https:\/\/librosdelzorrorojo.com\/ca\/libros-del-zorro-rojo-a-la-setmana-del-llibre-en-catala-2020\/\" \/>\n<meta property=\"og:locale\" content=\"ca_ES\" \/>\n<meta property=\"og:type\" content=\"article\" \/>\n<meta property=\"og:title\" content=\"Libros del Zorro Rojo a la Setmana del Llibre en Catal\u00e0 2020 - Libros del Zorro Rojo\" \/>\n<meta property=\"og:description\" content=\"El curs comen\u00e7a amb una cita important per al m\u00f3n del llibre i de la literatura infantil i juvenil: La Setmana del Llibre en Catal\u00e0, que se celebra del 9 al 13 setembre al Moll de la Fusta (Barcelona). Libros del Zorro Rojo us esperem a la parada de Casa Anita Llibres (M\u00f2dul 35-36) per compartir amb vosaltres les nostres novetats.\" \/>\n<meta property=\"og:url\" content=\"https:\/\/librosdelzorrorojo.com\/ca\/libros-del-zorro-rojo-a-la-setmana-del-llibre-en-catala-2020\/\" \/>\n<meta property=\"og:site_name\" content=\"Libros del Zorro Rojo\" \/>\n<meta property=\"article:published_time\" content=\"2020-09-09T11:39:52+00:00\" \/>\n<meta property=\"article:modified_time\" content=\"2020-09-10T08:52:51+00:00\" \/>\n<meta property=\"og:image\" content=\"https:\/\/librosdelzorrorojo.com\/wp-content\/uploads\/2020\/09\/Agenda_Semana-del-libro2.png\" \/>\n\t<meta property=\"og:image:width\" content=\"994\" \/>\n\t<meta property=\"og:image:height\" content=\"400\" \/>\n\t<meta property=\"og:image:type\" content=\"image\/png\" \/>\n<meta name=\"author\" content=\"Prensa Zorro Rojo\" \/>\n<meta name=\"twitter:card\" content=\"summary_large_image\" \/>\n<meta name=\"twitter:label1\" content=\"Escrit per\" \/>\n\t<meta name=\"twitter:data1\" content=\"Prensa Zorro Rojo\" \/>\n\t<meta name=\"twitter:label2\" content=\"Temps estimat de lectura\" \/>\n\t<meta name=\"twitter:data2\" content=\"1 minut\" \/>\n<script type=\"application\/ld+json\" class=\"yoast-schema-graph\">{\"@context\":\"https:\/\/schema.org\",\"@graph\":[{\"@type\":\"WebPage\",\"@id\":\"https:\/\/librosdelzorrorojo.com\/ca\/libros-del-zorro-rojo-a-la-setmana-del-llibre-en-catala-2020\/\",\"url\":\"https:\/\/librosdelzorrorojo.com\/ca\/libros-del-zorro-rojo-a-la-setmana-del-llibre-en-catala-2020\/\",\"name\":\"Libros del Zorro Rojo a la Setmana del Llibre en Catal\u00e0 2020 - Libros del Zorro Rojo\",\"isPartOf\":{\"@id\":\"https:\/\/librosdelzorrorojo.com\/#website\"},\"primaryImageOfPage\":{\"@id\":\"https:\/\/librosdelzorrorojo.com\/ca\/libros-del-zorro-rojo-a-la-setmana-del-llibre-en-catala-2020\/#primaryimage\"},\"image\":{\"@id\":\"https:\/\/librosdelzorrorojo.com\/ca\/libros-del-zorro-rojo-a-la-setmana-del-llibre-en-catala-2020\/#primaryimage\"},\"thumbnailUrl\":\"https:\/\/librosdelzorrorojo.com\/wp-content\/uploads\/2020\/09\/Agenda_Semana-del-libro2.png\",\"datePublished\":\"2020-09-09T11:39:52+00:00\",\"dateModified\":\"2020-09-10T08:52:51+00:00\",\"author\":{\"@id\":\"https:\/\/librosdelzorrorojo.com\/#\/schema\/person\/bd0af7a2597b5d1af9d8c2dbe8fbf811\"},\"description\":\"El curs comen\u00e7a amb una cita important per al m\u00f3n del llibre i de la literatura infantil i juvenil: La Setmana del Llibre en Catal\u00e0, que se celebra del 9 al 13 setembre al Moll de la Fusta (Barcelona). Libros del Zorro Rojo us esperem a la parada de Casa Anita Llibres (M\u00f2dul 35-36) per compartir amb vosaltres les nostres novetats.\",\"breadcrumb\":{\"@id\":\"https:\/\/librosdelzorrorojo.com\/ca\/libros-del-zorro-rojo-a-la-setmana-del-llibre-en-catala-2020\/#breadcrumb\"},\"inLanguage\":\"ca\",\"potentialAction\":[{\"@type\":\"ReadAction\",\"target\":[\"https:\/\/librosdelzorrorojo.com\/ca\/libros-del-zorro-rojo-a-la-setmana-del-llibre-en-catala-2020\/\"]}]},{\"@type\":\"ImageObject\",\"inLanguage\":\"ca\",\"@id\":\"https:\/\/librosdelzorrorojo.com\/ca\/libros-del-zorro-rojo-a-la-setmana-del-llibre-en-catala-2020\/#primaryimage\",\"url\":\"https:\/\/librosdelzorrorojo.com\/wp-content\/uploads\/2020\/09\/Agenda_Semana-del-libro2.png\",\"contentUrl\":\"https:\/\/librosdelzorrorojo.com\/wp-content\/uploads\/2020\/09\/Agenda_Semana-del-libro2.png\",\"width\":994,\"height\":400,\"caption\":\"Agenda Semana del libro2\"},{\"@type\":\"BreadcrumbList\",\"@id\":\"https:\/\/librosdelzorrorojo.com\/ca\/libros-del-zorro-rojo-a-la-setmana-del-llibre-en-catala-2020\/#breadcrumb\",\"itemListElement\":[{\"@type\":\"ListItem\",\"position\":1,\"name\":\"Portada\",\"item\":\"https:\/\/librosdelzorrorojo.com\/ca\/\"},{\"@type\":\"ListItem\",\"position\":2,\"name\":\"Libros del Zorro Rojo a la Setmana del Llibre en Catal\u00e0 2020\"}]},{\"@type\":\"WebSite\",\"@id\":\"https:\/\/librosdelzorrorojo.com\/#website\",\"url\":\"https:\/\/librosdelzorrorojo.com\/\",\"name\":\"Libros del Zorro Rojo\",\"description\":\"Libros ilustrados\",\"potentialAction\":[{\"@type\":\"SearchAction\",\"target\":{\"@type\":\"EntryPoint\",\"urlTemplate\":\"https:\/\/librosdelzorrorojo.com\/?s={search_term_string}\"},\"query-input\":{\"@type\":\"PropertyValueSpecification\",\"valueRequired\":true,\"valueName\":\"search_term_string\"}}],\"inLanguage\":\"ca\"},{\"@type\":\"Person\",\"@id\":\"https:\/\/librosdelzorrorojo.com\/#\/schema\/person\/bd0af7a2597b5d1af9d8c2dbe8fbf811\",\"name\":\"Prensa Zorro Rojo\",\"image\":{\"@type\":\"ImageObject\",\"inLanguage\":\"ca\",\"@id\":\"https:\/\/librosdelzorrorojo.com\/#\/schema\/person\/image\/\",\"url\":\"https:\/\/secure.gravatar.com\/avatar\/786edf7f4a8b899f441ef505c10164a4?s=96&d=mm&r=g\",\"contentUrl\":\"https:\/\/secure.gravatar.com\/avatar\/786edf7f4a8b899f441ef505c10164a4?s=96&d=mm&r=g\",\"caption\":\"Prensa Zorro Rojo\"}}]}<\/script>\n<!-- \/ Yoast SEO plugin. -->","yoast_head_json":{"title":"Libros del Zorro Rojo a la Setmana del Llibre en Catal\u00e0 2020 - Libros del Zorro Rojo","description":"El curs comen\u00e7a amb una cita important per al m\u00f3n del llibre i de la literatura infantil i juvenil: La Setmana del Llibre en Catal\u00e0, que se celebra del 9 al 13 setembre al Moll de la Fusta (Barcelona). Libros del Zorro Rojo us esperem a la parada de Casa Anita Llibres (M\u00f2dul 35-36) per compartir amb vosaltres les nostres novetats.","robots":{"index":"index","follow":"follow","max-snippet":"max-snippet:-1","max-image-preview":"max-image-preview:large","max-video-preview":"max-video-preview:-1"},"canonical":"https:\/\/librosdelzorrorojo.com\/ca\/libros-del-zorro-rojo-a-la-setmana-del-llibre-en-catala-2020\/","og_locale":"ca_ES","og_type":"article","og_title":"Libros del Zorro Rojo a la Setmana del Llibre en Catal\u00e0 2020 - Libros del Zorro Rojo","og_description":"El curs comen\u00e7a amb una cita important per al m\u00f3n del llibre i de la literatura infantil i juvenil: La Setmana del Llibre en Catal\u00e0, que se celebra del 9 al 13 setembre al Moll de la Fusta (Barcelona). Libros del Zorro Rojo us esperem a la parada de Casa Anita Llibres (M\u00f2dul 35-36) per compartir amb vosaltres les nostres novetats.","og_url":"https:\/\/librosdelzorrorojo.com\/ca\/libros-del-zorro-rojo-a-la-setmana-del-llibre-en-catala-2020\/","og_site_name":"Libros del Zorro Rojo","article_published_time":"2020-09-09T11:39:52+00:00","article_modified_time":"2020-09-10T08:52:51+00:00","og_image":[{"width":994,"height":400,"url":"https:\/\/librosdelzorrorojo.com\/wp-content\/uploads\/2020\/09\/Agenda_Semana-del-libro2.png","type":"image\/png"}],"author":"Prensa Zorro Rojo","twitter_card":"summary_large_image","twitter_misc":{"Escrit per":"Prensa Zorro Rojo","Temps estimat de lectura":"1 minut"},"schema":{"@context":"https:\/\/schema.org","@graph":[{"@type":"WebPage","@id":"https:\/\/librosdelzorrorojo.com\/ca\/libros-del-zorro-rojo-a-la-setmana-del-llibre-en-catala-2020\/","url":"https:\/\/librosdelzorrorojo.com\/ca\/libros-del-zorro-rojo-a-la-setmana-del-llibre-en-catala-2020\/","name":"Libros del Zorro Rojo a la Setmana del Llibre en Catal\u00e0 2020 - Libros del Zorro Rojo","isPartOf":{"@id":"https:\/\/librosdelzorrorojo.com\/#website"},"primaryImageOfPage":{"@id":"https:\/\/librosdelzorrorojo.com\/ca\/libros-del-zorro-rojo-a-la-setmana-del-llibre-en-catala-2020\/#primaryimage"},"image":{"@id":"https:\/\/librosdelzorrorojo.com\/ca\/libros-del-zorro-rojo-a-la-setmana-del-llibre-en-catala-2020\/#primaryimage"},"thumbnailUrl":"https:\/\/librosdelzorrorojo.com\/wp-content\/uploads\/2020\/09\/Agenda_Semana-del-libro2.png","datePublished":"2020-09-09T11:39:52+00:00","dateModified":"2020-09-10T08:52:51+00:00","author":{"@id":"https:\/\/librosdelzorrorojo.com\/#\/schema\/person\/bd0af7a2597b5d1af9d8c2dbe8fbf811"},"description":"El curs comen\u00e7a amb una cita important per al m\u00f3n del llibre i de la literatura infantil i juvenil: La Setmana del Llibre en Catal\u00e0, que se celebra del 9 al 13 setembre al Moll de la Fusta (Barcelona). Libros del Zorro Rojo us esperem a la parada de Casa Anita Llibres (M\u00f2dul 35-36) per compartir amb vosaltres les nostres novetats.","breadcrumb":{"@id":"https:\/\/librosdelzorrorojo.com\/ca\/libros-del-zorro-rojo-a-la-setmana-del-llibre-en-catala-2020\/#breadcrumb"},"inLanguage":"ca","potentialAction":[{"@type":"ReadAction","target":["https:\/\/librosdelzorrorojo.com\/ca\/libros-del-zorro-rojo-a-la-setmana-del-llibre-en-catala-2020\/"]}]},{"@type":"ImageObject","inLanguage":"ca","@id":"https:\/\/librosdelzorrorojo.com\/ca\/libros-del-zorro-rojo-a-la-setmana-del-llibre-en-catala-2020\/#primaryimage","url":"https:\/\/librosdelzorrorojo.com\/wp-content\/uploads\/2020\/09\/Agenda_Semana-del-libro2.png","contentUrl":"https:\/\/librosdelzorrorojo.com\/wp-content\/uploads\/2020\/09\/Agenda_Semana-del-libro2.png","width":994,"height":400,"caption":"Agenda Semana del libro2"},{"@type":"BreadcrumbList","@id":"https:\/\/librosdelzorrorojo.com\/ca\/libros-del-zorro-rojo-a-la-setmana-del-llibre-en-catala-2020\/#breadcrumb","itemListElement":[{"@type":"ListItem","position":1,"name":"Portada","item":"https:\/\/librosdelzorrorojo.com\/ca\/"},{"@type":"ListItem","position":2,"name":"Libros del Zorro Rojo a la Setmana del Llibre en Catal\u00e0 2020"}]},{"@type":"WebSite","@id":"https:\/\/librosdelzorrorojo.com\/#website","url":"https:\/\/librosdelzorrorojo.com\/","name":"Libros del Zorro Rojo","description":"Libros ilustrados","potentialAction":[{"@type":"SearchAction","target":{"@type":"EntryPoint","urlTemplate":"https:\/\/librosdelzorrorojo.com\/?s={search_term_string}"},"query-input":{"@type":"PropertyValueSpecification","valueRequired":true,"valueName":"search_term_string"}}],"inLanguage":"ca"},{"@type":"Person","@id":"https:\/\/librosdelzorrorojo.com\/#\/schema\/person\/bd0af7a2597b5d1af9d8c2dbe8fbf811","name":"Prensa Zorro Rojo","image":{"@type":"ImageObject","inLanguage":"ca","@id":"https:\/\/librosdelzorrorojo.com\/#\/schema\/person\/image\/","url":"https:\/\/secure.gravatar.com\/avatar\/786edf7f4a8b899f441ef505c10164a4?s=96&d=mm&r=g","contentUrl":"https:\/\/secure.gravatar.com\/avatar\/786edf7f4a8b899f441ef505c10164a4?s=96&d=mm&r=g","caption":"Prensa Zorro Rojo"}}]}},"_links":{"self":[{"href":"https:\/\/librosdelzorrorojo.com\/ca\/wp-json\/wp\/v2\/posts\/17880","targetHints":{"allow":["GET"]}}],"collection":[{"href":"https:\/\/librosdelzorrorojo.com\/ca\/wp-json\/wp\/v2\/posts"}],"about":[{"href":"https:\/\/librosdelzorrorojo.com\/ca\/wp-json\/wp\/v2\/types\/post"}],"author":[{"embeddable":true,"href":"https:\/\/librosdelzorrorojo.com\/ca\/wp-json\/wp\/v2\/users\/4"}],"replies":[{"embeddable":true,"href":"https:\/\/librosdelzorrorojo.com\/ca\/wp-json\/wp\/v2\/comments?post=17880"}],"version-history":[{"count":3,"href":"https:\/\/librosdelzorrorojo.com\/ca\/wp-json\/wp\/v2\/posts\/17880\/revisions"}],"predecessor-version":[{"id":17886,"href":"https:\/\/librosdelzorrorojo.com\/ca\/wp-json\/wp\/v2\/posts\/17880\/revisions\/17886"}],"wp:featuredmedia":[{"embeddable":true,"href":"https:\/\/librosdelzorrorojo.com\/ca\/wp-json\/wp\/v2\/media\/17887"}],"wp:attachment":[{"href":"https:\/\/librosdelzorrorojo.com\/ca\/wp-json\/wp\/v2\/media?parent=17880"}],"wp:term":[{"taxonomy":"category","embeddable":true,"href":"https:\/\/librosdelzorrorojo.com\/ca\/wp-json\/wp\/v2\/categories?post=17880"},{"taxonomy":"post_tag","embeddable":true,"href":"https:\/\/librosdelzorrorojo.com\/ca\/wp-json\/wp\/v2\/tags?post=17880"}],"curies":[{"name":"wp","href":"https:\/\/api.w.org\/{rel}","templated":true}]}}