{"id":17472,"date":"2020-07-14T13:20:07","date_gmt":"2020-07-14T11:20:07","guid":{"rendered":"https:\/\/librosdelzorrorojo.com\/gallinas-a-dentelladas\/"},"modified":"2020-07-14T13:20:07","modified_gmt":"2020-07-14T11:20:07","slug":"gallinas-a-dentelladas","status":"publish","type":"post","link":"https:\/\/librosdelzorrorojo.com\/ca\/gallinas-a-dentelladas\/","title":{"rendered":"Gallinas a dentelladas"},"content":{"rendered":"<div class=\"noticia__entradilla\">\n<div class=\"html-content\"><\/div>\n<\/div>\n<div class=\"noticia__contenido\">\n<div class=\"html-content\">\n<p class=\"selectionShareable\"><em><strong>Gallinas y otros cuentos<\/strong><\/em><\/p>\n<p class=\"selectionShareable\"><strong>Por Manuel Garrido, <i>Culturplaza<\/i><\/strong>, <strong>2020<\/strong><\/p>\n<p class=\"selectionShareable\">Un hombre construye un gallinero y se desayuna con la f\u00e1bula perfecta sobre la esclavitud de la propiedad privada; un paup\u00e9rrimo profesor interno es usado como blanco perfecto para todo aquel con ganas de desquitarse; un trabajador devuelve la cartera extraviada a un infame ricach\u00f3n que le provoca, le agrede y le humilla; un zorzal enjaulado como met\u00e1fora de la crueldad y la ineficacia de la privaci\u00f3n de libertad\u2026 Constatar que<span>\u00a0<\/span><strong>las injusticias del sistema<\/strong>, la visi\u00f3n utilitarista de las personas, los abusos de poder, el reparto desigual de las riquezas, son aquellas que no dejan de suceder, que los<span>\u00a0<\/span><strong>tropiezos en la misma piedra se repiten en eterno retorno<\/strong>, deber\u00eda hacer que saltaran todas nuestras alarmas, que nos removi\u00e9ramos en nuestras sillas, sillones y cheslones y sali\u00e9ramos a la calle a reivindicar lo que es justo pensando en colectivo.<\/p>\n<p class=\"selectionShareable\">Uno se acerca a<span>\u00a0<\/span><em><strong>Gallinas y otros cuentos<\/strong><\/em><strong>\u00a0(Libros del Zorro Rojo, 2020)<\/strong>, sin conocer mucho acerca de lo que le espera, como quien acude a visitar el carrill\u00f3n de aut\u00f3matas de un reloj antiguo en la plaza recoleta de un lugar rec\u00f3ndito: a tientas y quiz\u00e1s sin saberlo, est\u00e1 a punto de presenciar una opereta perfectamente engarzada en la que<span>\u00a0<\/span><strong>texto e imagen funcionan como dos engranajes muy dentados y coordinados a la perfecci\u00f3n<\/strong>.<\/p>\n<p class=\"selectionShareable\">Pese a su escaso prodigamento en Espa\u00f1a y a pesar de su larga influencia en la literatura latinoamericana, es probable que el lector conozca fundamentalmente la obra period\u00edstica o ensay\u00edstica de<span>\u00a0<\/span><strong>Rafael Barrett<\/strong><span>\u00a0<\/span>(Torrelavega, Cantabria, 1876 &#8211; Arcach\u00f3n, 1910) \u2014a\u00fan hoy resuenan y se estudian sus denuncias sobre la esclavitud de los mes\u00faes, los yerberos de Alto Paran\u00e1\u2014; sin embargo, su producci\u00f3n literaria, centrada en el<span>\u00a0<\/span><strong>an\u00e1lisis cr\u00edtico de la sociedad y los arquetipos de su tiempo<\/strong><span>\u00a0<\/span>\u2014no muy diferente del nuestro\u2014 no le va a la zaga. As\u00ed, el llamado \u201cobrero de la pluma\u201d es considerado como uno de los m\u00e1s importantes ejemplos de la literatura de protesta social latinoamericana, y fue muy elogiado por autores como<span>\u00a0<\/span><strong>Jorge Luis Borges, Mario Benedetti<\/strong><span>\u00a0<\/span>o<span>\u00a0<\/span><strong>Eduardo Galeano<\/strong><span>\u00a0<\/span>pese a que s\u00f3lo conoci\u00f3 en vida la publicaci\u00f3n de su libro Moralidades actuales (1910) que supuso \u201cun \u00e9xito loco\u201d en una incipiente carrera truncada por su temprana muerte por tuberculosis a la edad de 34 a\u00f1os.<\/p>\n<p class=\"selectionShareable\">Barrett vivi\u00f3 sus primeros a\u00f1os de manera acomodada, ejerciendo como buen dandi de familia aristocr\u00e1tica entre la intelectualidad madrile\u00f1a hasta su defenestraci\u00f3n p\u00fablica en 1902, provocada por su agresi\u00f3n \u2014fusta mediante, en el<span>\u00a0<\/span><strong>Circo Parish<\/strong>\u2014 al presidente del Tribunal de Honor y<span>\u00a0<\/span><strong>duque de Ari\u00f3n<\/strong><span>\u00a0<\/span>quien le hab\u00eda inhabilitado para batirse en duelo. El revuelo suscitado en la prensa de la \u00e9poca lo llev\u00f3 a exiliarse en Latinoam\u00e9rica \u2014primero en Argentina, despu\u00e9s en Paraguay\u2014 en donde desde muy temprano entr\u00f3 en contacto con<span>\u00a0<\/span><strong>los c\u00edrculos anarquistas que favorecieron el despertar su inter\u00e9s por la lucha sindical o la denuncia de las injusticias sociales<\/strong>.<\/p>\n<p class=\"selectionShareable\">M\u00e1s de un siglo despu\u00e9s de su muerte, la editorial Libros del Zorro Rojo recupera una selecci\u00f3n de la producci\u00f3n literaria de Barrett con<span>\u00a0<\/span><em>Gallinas y otros cuentos<\/em>, ilustrados por<span>\u00a0<\/span><strong>Clara-Iris Ramos\u00a0<\/strong>(Val\u00e8ncia, 1983), manteniendo toda su vigencia y enriquecida gracias al<span>\u00a0<\/span><strong>potente universo gr\u00e1fico \u2014equilibradamente reflexivo y combativo\u2014 de la ilustradora valenciana<\/strong>.<\/p>\n<p class=\"selectionShareable\">\u201cGuardaba desde hace a\u00f1os el relato de Gallinas, uno de esos textos que como editora siempre quise ver ilustrado.\u201d Al habla<span>\u00a0<\/span><strong>Piu Mart\u00ednez<\/strong>, encargada de la edici\u00f3n y de la selecci\u00f3n de los relatos de Barrett. \u201cEsa idea encajaba perfectamente en una de las l\u00edneas de acci\u00f3n de Libros del Zorro Rojo:<span>\u00a0<\/span><strong>ofrecer una segunda vida a textos poco conocidos o nunca antes ilustrados<\/strong><span>\u00a0<\/span>como los de<span>\u00a0<\/span><strong>Mario Levrero<\/strong><span>\u00a0<\/span>por<span>\u00a0<\/span><strong>Sonia Pulido<\/strong>,<span>\u00a0<\/span><strong>Benedetti\u00a0<\/strong>por<span>\u00a0<\/span><strong>Antonio Segu\u00ed<\/strong><span>\u00a0<\/span>o<span>\u00a0<\/span><strong>Nicol\u00e1s Guill\u00e9n<\/strong><span>\u00a0<\/span>por<span>\u00a0<\/span><strong>Arnal Ballester<\/strong>. Barrett era una asignatura pendiente\u201d.<\/p>\n<p class=\"selectionShareable\">De una manera inmisericorde con los injustos, la sucesi\u00f3n de relatos va liberando las principales preocupaciones y denuncias de Barrett: la propiedad privada, el abuso de poder, el caciquismo, la religi\u00f3n,<span>\u00a0<\/span><strong>la tr\u00edada en la que se divide la humanidad \u2014los que someten, los sometidos y los que no se dejan someter<\/strong>\u2014 realizando una radiograf\u00eda de los olvidados, de los nadie, de entre los cuales se erige en cronista y defensor a ultranza, con la<span>\u00a0<\/span><strong>rotundidad y la sencillez del lenguaje y la efectividad de una s\u00e1tira punzante<\/strong>. Una preocupaci\u00f3n por la transmisi\u00f3n directa \u2014despojando sus textos de toda floritura accesoria\u2014, una huida consciente de toda oficialidad, de toda constricci\u00f3n acad\u00e9mica, y una actitud cr\u00edtica hacia el poder establecido que es<span>\u00a0<\/span><strong>trasladada a la imagen de manera magistral<\/strong><span>\u00a0<\/span>por Clara-Iris, con una efectiva parquedad de colores y su inconfundible trazo a tinta que comulga a la perfecci\u00f3n con los postulados del escritor libertario.<\/p>\n<p class=\"selectionShareable\">Y es que la ilustradora no s\u00f3lo es<span>\u00a0<\/span><strong>una de esas grandes obreras de la tinta<\/strong><span>\u00a0<\/span>sino tambi\u00e9n una<span>\u00a0<\/span><strong>extraordinaria analista de la gr\u00e1fica popular y de protesta<\/strong><span>\u00a0<\/span>\u2014a la saz\u00f3n, investigadora y divulgadora, profesora de narraci\u00f3n visual y edici\u00f3n en la<span>\u00a0<\/span><strong>Escola Massana<\/strong><span>\u00a0<\/span>de Barcelona, art\u00edfice junto a<span>\u00a0<\/span><strong>Miguel Porl\u00e1n<\/strong><span>\u00a0<\/span>de la microeditorial Incendi, cofundadora del festival de autoedici\u00f3n<span>\u00a0<\/span><strong>Guter Fest<\/strong>&#8230;\u2014. Y, sobre todo, como autora, no es de esas profesionales que se contenta con decorar un texto trasladando literalmente las palabras a las im\u00e1genes; muy al contrario, echa mano de la experimentaci\u00f3n con todos los recursos a su alcance \u2014como la met\u00e1fora, el s\u00edmbolo o el realismo m\u00e1gico\u2014 para<span>\u00a0<\/span><strong>ofrecer una segunda mirada personal<\/strong><span>\u00a0<\/span>que no tiene por qu\u00e9 coincidir con la del lector o la del escritor. \u201cLo m\u00e1s dif\u00edcil ha sido intentar hacer un tipo de dibujo con un poco de sinton\u00eda pol\u00edtica que funcionase los textos de Barrett e intentar aprender de sus herramientas escritas para trasladarlas y sintetizarlas mediante el dibujo\u201d, explica Clara-Iris, que dedic\u00f3 mucho tiempo a pensar la manera de \u201cno reducir el incendio de su pensamiento \u00fanicamente al rojo y negro o al pu\u00f1o en alto, aunque tambi\u00e9n estos puedan estar camuflados\u201d. Para la ilustradora era importante que sus ilustraciones \u201cno cerrasen conclusiones sino que, en consonancia con los textos, partieran de la autorreflexi\u00f3n para elaborar preguntas que interpelen al lector\/espectador, en tanto sujeto pol\u00edtico, acerca del<span>\u00a0<\/span><strong>significado de la revoluci\u00f3n en la vida cotidiana<\/strong><span>\u00a0<\/span>de las personas.\u201d<\/p>\n<p class=\"selectionShareable\">Seg\u00fan Mart\u00ednez \u2014que conoci\u00f3 a la ilustradora en una charla sobre fanzines en el CCCB\u2014 \u201cBarrett y Clara-Iris eran, sin duda, la pareja perfecta por la complicidad y el compromiso de ambos\u201d. Un fecund\u00edsimo encuentro con el compromiso conjunto de \u201c<strong>poner el foco en lo injusto para reivindicar lo justo con la palabra y el dibujo<\/strong>\u201d que ha dado como resultado un estupendo librito para iniciarse en el pensamiento de Barrett que \u201csigue disparando certezas cien a\u00f1os despu\u00e9s a fuerza de cr\u00edtica mordaz, esp\u00edritu de lucha y sentido del humor\u201d.<\/p>\n<p>&#8211;<\/p>\n<p>Consiga su ejemplar de\u00a0<em>Gallinas y otros cuentos<\/em> <span style=\"color: #ff0000;\"><a href=\"https:\/\/app.bitly.com\/bbt2\/\" style=\"color: #ff0000;\">aqu\u00ed.<\/a><\/span><\/p>\n<\/div>\n<\/div>\n","protected":false},"excerpt":{"rendered":"Una opereta perfectamente engarzada en la que\u00a0texto e imagen funcionan como dos engranajes muy dentados y coordinados a la perfecci\u00f3n.","protected":false},"author":4,"featured_media":17470,"comment_status":"closed","ping_status":"closed","sticky":false,"template":"","format":"standard","meta":{"_acf_changed":false,"footnotes":""},"categories":[36],"tags":[],"class_list":["post-17472","post","type-post","status-publish","format-standard","has-post-thumbnail","hentry","category-blog-cat"],"acf":[],"yoast_head":"<!-- This site is optimized with the Yoast SEO plugin v25.1 - https:\/\/yoast.com\/wordpress\/plugins\/seo\/ -->\n<title>Gallinas a dentelladas - Libros del Zorro Rojo<\/title>\n<meta name=\"description\" content=\"Una opereta perfectamente engarzada en la que\u00a0texto e imagen funcionan como dos engranajes muy dentados y coordinados a la perfecci\u00f3n.\" \/>\n<meta name=\"robots\" content=\"index, follow, max-snippet:-1, max-image-preview:large, max-video-preview:-1\" \/>\n<link rel=\"canonical\" href=\"https:\/\/librosdelzorrorojo.com\/ca\/gallinas-a-dentelladas\/\" \/>\n<meta property=\"og:locale\" content=\"ca_ES\" \/>\n<meta property=\"og:type\" content=\"article\" \/>\n<meta property=\"og:title\" content=\"Gallinas a dentelladas - Libros del Zorro Rojo\" \/>\n<meta property=\"og:description\" content=\"Una opereta perfectamente engarzada en la que\u00a0texto e imagen funcionan como dos engranajes muy dentados y coordinados a la perfecci\u00f3n.\" \/>\n<meta property=\"og:url\" content=\"https:\/\/librosdelzorrorojo.com\/ca\/gallinas-a-dentelladas\/\" \/>\n<meta property=\"og:site_name\" content=\"Libros del Zorro Rojo\" \/>\n<meta property=\"article:published_time\" content=\"2020-07-14T11:20:07+00:00\" \/>\n<meta property=\"og:image\" content=\"https:\/\/librosdelzorrorojo.com\/wp-content\/uploads\/2020\/07\/SLIDE_Gallinas_02.jpg\" \/>\n\t<meta property=\"og:image:width\" content=\"994\" \/>\n\t<meta property=\"og:image:height\" content=\"400\" \/>\n\t<meta property=\"og:image:type\" content=\"image\/jpeg\" \/>\n<meta name=\"author\" content=\"Prensa Zorro Rojo\" \/>\n<meta name=\"twitter:card\" content=\"summary_large_image\" \/>\n<meta name=\"twitter:label1\" content=\"Escrit per\" \/>\n\t<meta name=\"twitter:data1\" content=\"Prensa Zorro Rojo\" \/>\n\t<meta name=\"twitter:label2\" content=\"Temps estimat de lectura\" \/>\n\t<meta name=\"twitter:data2\" content=\"6 minuts\" \/>\n<script type=\"application\/ld+json\" class=\"yoast-schema-graph\">{\"@context\":\"https:\/\/schema.org\",\"@graph\":[{\"@type\":\"WebPage\",\"@id\":\"https:\/\/librosdelzorrorojo.com\/ca\/gallinas-a-dentelladas\/\",\"url\":\"https:\/\/librosdelzorrorojo.com\/ca\/gallinas-a-dentelladas\/\",\"name\":\"Gallinas a dentelladas - Libros del Zorro Rojo\",\"isPartOf\":{\"@id\":\"https:\/\/librosdelzorrorojo.com\/#website\"},\"primaryImageOfPage\":{\"@id\":\"https:\/\/librosdelzorrorojo.com\/ca\/gallinas-a-dentelladas\/#primaryimage\"},\"image\":{\"@id\":\"https:\/\/librosdelzorrorojo.com\/ca\/gallinas-a-dentelladas\/#primaryimage\"},\"thumbnailUrl\":\"https:\/\/librosdelzorrorojo.com\/wp-content\/uploads\/2020\/07\/SLIDE_Gallinas_02.jpg\",\"datePublished\":\"2020-07-14T11:20:07+00:00\",\"author\":{\"@id\":\"https:\/\/librosdelzorrorojo.com\/#\/schema\/person\/bd0af7a2597b5d1af9d8c2dbe8fbf811\"},\"description\":\"Una opereta perfectamente engarzada en la que\u00a0texto e imagen funcionan como dos engranajes muy dentados y coordinados a la perfecci\u00f3n.\",\"breadcrumb\":{\"@id\":\"https:\/\/librosdelzorrorojo.com\/ca\/gallinas-a-dentelladas\/#breadcrumb\"},\"inLanguage\":\"ca\",\"potentialAction\":[{\"@type\":\"ReadAction\",\"target\":[\"https:\/\/librosdelzorrorojo.com\/ca\/gallinas-a-dentelladas\/\"]}]},{\"@type\":\"ImageObject\",\"inLanguage\":\"ca\",\"@id\":\"https:\/\/librosdelzorrorojo.com\/ca\/gallinas-a-dentelladas\/#primaryimage\",\"url\":\"https:\/\/librosdelzorrorojo.com\/wp-content\/uploads\/2020\/07\/SLIDE_Gallinas_02.jpg\",\"contentUrl\":\"https:\/\/librosdelzorrorojo.com\/wp-content\/uploads\/2020\/07\/SLIDE_Gallinas_02.jpg\",\"width\":994,\"height\":400,\"caption\":\"SLIDE Gallinas 02\"},{\"@type\":\"BreadcrumbList\",\"@id\":\"https:\/\/librosdelzorrorojo.com\/ca\/gallinas-a-dentelladas\/#breadcrumb\",\"itemListElement\":[{\"@type\":\"ListItem\",\"position\":1,\"name\":\"Portada\",\"item\":\"https:\/\/librosdelzorrorojo.com\/ca\/\"},{\"@type\":\"ListItem\",\"position\":2,\"name\":\"Gallinas a dentelladas\"}]},{\"@type\":\"WebSite\",\"@id\":\"https:\/\/librosdelzorrorojo.com\/#website\",\"url\":\"https:\/\/librosdelzorrorojo.com\/\",\"name\":\"Libros del Zorro Rojo\",\"description\":\"Libros ilustrados\",\"potentialAction\":[{\"@type\":\"SearchAction\",\"target\":{\"@type\":\"EntryPoint\",\"urlTemplate\":\"https:\/\/librosdelzorrorojo.com\/?s={search_term_string}\"},\"query-input\":{\"@type\":\"PropertyValueSpecification\",\"valueRequired\":true,\"valueName\":\"search_term_string\"}}],\"inLanguage\":\"ca\"},{\"@type\":\"Person\",\"@id\":\"https:\/\/librosdelzorrorojo.com\/#\/schema\/person\/bd0af7a2597b5d1af9d8c2dbe8fbf811\",\"name\":\"Prensa Zorro Rojo\",\"image\":{\"@type\":\"ImageObject\",\"inLanguage\":\"ca\",\"@id\":\"https:\/\/librosdelzorrorojo.com\/#\/schema\/person\/image\/\",\"url\":\"https:\/\/secure.gravatar.com\/avatar\/786edf7f4a8b899f441ef505c10164a4?s=96&d=mm&r=g\",\"contentUrl\":\"https:\/\/secure.gravatar.com\/avatar\/786edf7f4a8b899f441ef505c10164a4?s=96&d=mm&r=g\",\"caption\":\"Prensa Zorro Rojo\"}}]}<\/script>\n<!-- \/ Yoast SEO plugin. -->","yoast_head_json":{"title":"Gallinas a dentelladas - Libros del Zorro Rojo","description":"Una opereta perfectamente engarzada en la que\u00a0texto e imagen funcionan como dos engranajes muy dentados y coordinados a la perfecci\u00f3n.","robots":{"index":"index","follow":"follow","max-snippet":"max-snippet:-1","max-image-preview":"max-image-preview:large","max-video-preview":"max-video-preview:-1"},"canonical":"https:\/\/librosdelzorrorojo.com\/ca\/gallinas-a-dentelladas\/","og_locale":"ca_ES","og_type":"article","og_title":"Gallinas a dentelladas - Libros del Zorro Rojo","og_description":"Una opereta perfectamente engarzada en la que\u00a0texto e imagen funcionan como dos engranajes muy dentados y coordinados a la perfecci\u00f3n.","og_url":"https:\/\/librosdelzorrorojo.com\/ca\/gallinas-a-dentelladas\/","og_site_name":"Libros del Zorro Rojo","article_published_time":"2020-07-14T11:20:07+00:00","og_image":[{"width":994,"height":400,"url":"https:\/\/librosdelzorrorojo.com\/wp-content\/uploads\/2020\/07\/SLIDE_Gallinas_02.jpg","type":"image\/jpeg"}],"author":"Prensa Zorro Rojo","twitter_card":"summary_large_image","twitter_misc":{"Escrit per":"Prensa Zorro Rojo","Temps estimat de lectura":"6 minuts"},"schema":{"@context":"https:\/\/schema.org","@graph":[{"@type":"WebPage","@id":"https:\/\/librosdelzorrorojo.com\/ca\/gallinas-a-dentelladas\/","url":"https:\/\/librosdelzorrorojo.com\/ca\/gallinas-a-dentelladas\/","name":"Gallinas a dentelladas - Libros del Zorro Rojo","isPartOf":{"@id":"https:\/\/librosdelzorrorojo.com\/#website"},"primaryImageOfPage":{"@id":"https:\/\/librosdelzorrorojo.com\/ca\/gallinas-a-dentelladas\/#primaryimage"},"image":{"@id":"https:\/\/librosdelzorrorojo.com\/ca\/gallinas-a-dentelladas\/#primaryimage"},"thumbnailUrl":"https:\/\/librosdelzorrorojo.com\/wp-content\/uploads\/2020\/07\/SLIDE_Gallinas_02.jpg","datePublished":"2020-07-14T11:20:07+00:00","author":{"@id":"https:\/\/librosdelzorrorojo.com\/#\/schema\/person\/bd0af7a2597b5d1af9d8c2dbe8fbf811"},"description":"Una opereta perfectamente engarzada en la que\u00a0texto e imagen funcionan como dos engranajes muy dentados y coordinados a la perfecci\u00f3n.","breadcrumb":{"@id":"https:\/\/librosdelzorrorojo.com\/ca\/gallinas-a-dentelladas\/#breadcrumb"},"inLanguage":"ca","potentialAction":[{"@type":"ReadAction","target":["https:\/\/librosdelzorrorojo.com\/ca\/gallinas-a-dentelladas\/"]}]},{"@type":"ImageObject","inLanguage":"ca","@id":"https:\/\/librosdelzorrorojo.com\/ca\/gallinas-a-dentelladas\/#primaryimage","url":"https:\/\/librosdelzorrorojo.com\/wp-content\/uploads\/2020\/07\/SLIDE_Gallinas_02.jpg","contentUrl":"https:\/\/librosdelzorrorojo.com\/wp-content\/uploads\/2020\/07\/SLIDE_Gallinas_02.jpg","width":994,"height":400,"caption":"SLIDE Gallinas 02"},{"@type":"BreadcrumbList","@id":"https:\/\/librosdelzorrorojo.com\/ca\/gallinas-a-dentelladas\/#breadcrumb","itemListElement":[{"@type":"ListItem","position":1,"name":"Portada","item":"https:\/\/librosdelzorrorojo.com\/ca\/"},{"@type":"ListItem","position":2,"name":"Gallinas a dentelladas"}]},{"@type":"WebSite","@id":"https:\/\/librosdelzorrorojo.com\/#website","url":"https:\/\/librosdelzorrorojo.com\/","name":"Libros del Zorro Rojo","description":"Libros ilustrados","potentialAction":[{"@type":"SearchAction","target":{"@type":"EntryPoint","urlTemplate":"https:\/\/librosdelzorrorojo.com\/?s={search_term_string}"},"query-input":{"@type":"PropertyValueSpecification","valueRequired":true,"valueName":"search_term_string"}}],"inLanguage":"ca"},{"@type":"Person","@id":"https:\/\/librosdelzorrorojo.com\/#\/schema\/person\/bd0af7a2597b5d1af9d8c2dbe8fbf811","name":"Prensa Zorro Rojo","image":{"@type":"ImageObject","inLanguage":"ca","@id":"https:\/\/librosdelzorrorojo.com\/#\/schema\/person\/image\/","url":"https:\/\/secure.gravatar.com\/avatar\/786edf7f4a8b899f441ef505c10164a4?s=96&d=mm&r=g","contentUrl":"https:\/\/secure.gravatar.com\/avatar\/786edf7f4a8b899f441ef505c10164a4?s=96&d=mm&r=g","caption":"Prensa Zorro Rojo"}}]}},"_links":{"self":[{"href":"https:\/\/librosdelzorrorojo.com\/ca\/wp-json\/wp\/v2\/posts\/17472","targetHints":{"allow":["GET"]}}],"collection":[{"href":"https:\/\/librosdelzorrorojo.com\/ca\/wp-json\/wp\/v2\/posts"}],"about":[{"href":"https:\/\/librosdelzorrorojo.com\/ca\/wp-json\/wp\/v2\/types\/post"}],"author":[{"embeddable":true,"href":"https:\/\/librosdelzorrorojo.com\/ca\/wp-json\/wp\/v2\/users\/4"}],"replies":[{"embeddable":true,"href":"https:\/\/librosdelzorrorojo.com\/ca\/wp-json\/wp\/v2\/comments?post=17472"}],"version-history":[{"count":0,"href":"https:\/\/librosdelzorrorojo.com\/ca\/wp-json\/wp\/v2\/posts\/17472\/revisions"}],"wp:featuredmedia":[{"embeddable":true,"href":"https:\/\/librosdelzorrorojo.com\/ca\/wp-json\/wp\/v2\/media\/17470"}],"wp:attachment":[{"href":"https:\/\/librosdelzorrorojo.com\/ca\/wp-json\/wp\/v2\/media?parent=17472"}],"wp:term":[{"taxonomy":"category","embeddable":true,"href":"https:\/\/librosdelzorrorojo.com\/ca\/wp-json\/wp\/v2\/categories?post=17472"},{"taxonomy":"post_tag","embeddable":true,"href":"https:\/\/librosdelzorrorojo.com\/ca\/wp-json\/wp\/v2\/tags?post=17472"}],"curies":[{"name":"wp","href":"https:\/\/api.w.org\/{rel}","templated":true}]}}